{"id":47813,"date":"2023-01-09T03:02:28","date_gmt":"2023-01-09T03:02:28","guid":{"rendered":"http:\/\/elterritorialweb.com.ar\/web\/?p=47813"},"modified":"2023-01-09T03:09:55","modified_gmt":"2023-01-09T03:09:55","slug":"la-comuna-destaca-la-carrera-musical-del-musico-bandeno-santiago-alvarado","status":"publish","type":"post","link":"https:\/\/elterritorialweb.com.ar\/web\/la-comuna-destaca-la-carrera-musical-del-musico-bandeno-santiago-alvarado\/","title":{"rendered":"LA COMUNA DESTACA LA CARRERA MUSICAL DEL M\u00daSICO BANDE\u00d1O SANTIAGO ALVARADO"},"content":{"rendered":"\n<p>De acuerdo a lo manifestado por Alvarado, durante una entrevista, su pasi\u00f3n por la m\u00fasica se inici\u00f3 cuando a\u00fan era un ni\u00f1o y como diversi\u00f3n, ve\u00eda a su padre, Ad\u00edn Alvarado cuando ensayaba en el patio de su casa junto al Grupo Octubre.<br>Luego, su padre lo envi\u00f3 a estudiar piano con el profesor Roberto G\u00f3mez y \u00abes all\u00ed donde comienza todo porque en poco tiempo toqu\u00e9 con Carlos Carabajal y Carlos Saavedra en los festivales\u00bb.<br>\u00abJunto con Ram\u00f3n \u00c1lvarez creamos el grupo llamado Los Miskys, tocabamos los dos y nos acompa\u00f1aban nuestros padres a todos lados. Posteriormente, estuve con Juancho y Edu Ruiz, seguimos con Los Miskys\u00bb.<br>Actualmente trabajando con Diego Torres, record\u00f3: \u00abEn una de las oportunidades ten\u00eda que viajar a Espa\u00f1a, ya hab\u00eda terminado la secundaria y antes de ir para all\u00e1, me anot\u00e9 en Buenos Aires, en el UNA, al volver rindo y me aceptan por lo que me instalo all\u00e1 y empiezo a acompa\u00f1ar a varios grupos; he grabado mucho material. All\u00ed, me presentaron a Hugo Casas, quien es un gran productor y me conect\u00f3 con todo el mundo; porque si alguien necesitaba un pianista, \u00e9l me recomendaba, llegando a tocar con Los 4 de C\u00f3rdoba, Paz Mart\u00ednez, Torres Lila, Leo Dan, Axel, Destino San Javier, Pagliaro y mucha gente m\u00e1s\u201d.<\/p>\n\n\n\n<figure class=\"wp-block-image size-large\"><a href=\"https:\/\/i0.wp.com\/elterritorialweb.com.ar\/web\/wp-content\/uploads\/2023\/01\/WhatsApp-Image-2023-01-08-at-14.17.22.jpeg\"><img data-recalc-dims=\"1\" decoding=\"async\" width=\"640\" height=\"636\" data-src=\"https:\/\/i0.wp.com\/elterritorialweb.com.ar\/web\/wp-content\/uploads\/2023\/01\/WhatsApp-Image-2023-01-08-at-14.17.22.jpeg?resize=640%2C636\" alt=\"\" class=\"wp-image-47817 lazyload\" data-srcset=\"https:\/\/i0.wp.com\/elterritorialweb.com.ar\/web\/wp-content\/uploads\/2023\/01\/WhatsApp-Image-2023-01-08-at-14.17.22.jpeg?resize=1024%2C1017&amp;ssl=1 1024w, https:\/\/i0.wp.com\/elterritorialweb.com.ar\/web\/wp-content\/uploads\/2023\/01\/WhatsApp-Image-2023-01-08-at-14.17.22.jpeg?resize=300%2C298&amp;ssl=1 300w, https:\/\/i0.wp.com\/elterritorialweb.com.ar\/web\/wp-content\/uploads\/2023\/01\/WhatsApp-Image-2023-01-08-at-14.17.22.jpeg?resize=150%2C150&amp;ssl=1 150w, https:\/\/i0.wp.com\/elterritorialweb.com.ar\/web\/wp-content\/uploads\/2023\/01\/WhatsApp-Image-2023-01-08-at-14.17.22.jpeg?resize=768%2C763&amp;ssl=1 768w, https:\/\/i0.wp.com\/elterritorialweb.com.ar\/web\/wp-content\/uploads\/2023\/01\/WhatsApp-Image-2023-01-08-at-14.17.22.jpeg?w=1079&amp;ssl=1 1079w\" data-sizes=\"(max-width: 640px) 100vw, 640px\" src=\"data:image\/svg+xml;base64,PHN2ZyB3aWR0aD0iMSIgaGVpZ2h0PSIxIiB4bWxucz0iaHR0cDovL3d3dy53My5vcmcvMjAwMC9zdmciPjwvc3ZnPg==\" style=\"--smush-placeholder-width: 640px; --smush-placeholder-aspect-ratio: 640\/636;\" \/><\/a><\/figure>\n\n\n\n<p>Resalt\u00f3 que, desde muy chico, su pap\u00e1 le inculc\u00f3 que aprenda a tocar todas las ramas de la m\u00fasica y siempre le ha gustado todos los ritmos musicales. Bajo esta pasi\u00f3n, particip\u00f3 como int\u00e9rprete y autor con artistas como el espa\u00f1ol Quevedo, en Bzrp Music Session #52; \u00abnos ha sorprendido a todos, una de las canciones m\u00e1s escuchadas en el 2022, lleva 6 meses y tiene casi un bill\u00f3n de reproducciones en Spotify y en todos lados la escuchan, se ve que es algo que a la gente le gusta y no solamente aqu\u00ed en Argentina sino en todos lados; eso nos pone muy felices porqu\u00e9 cuando uno est\u00e1 creando, le pone tanto amor y cari\u00f1o, que despu\u00e9s la gente lo reciba muy bien, eso nos gusta mucho\u00bb.<br>Adem\u00e1s, trabaj\u00f3 con Duki, realizando un homenaje a los jugadores de la selecci\u00f3n argentina, \u00ab3 estrellas en el conjunto\u00bb, se\u00f1alando que la Scaloneta \u00abnos ha dado una alegr\u00eda muy grande al pa\u00eds y estoy muy contento por la repercusi\u00f3n de la misma\u00bb.<br>Al preguntarle sobre nuestro Festival Nacional de La Salamanca, expres\u00f3: \u00abLa Salamanca es un festival muy especial, querido en todos lados, en Buenos Aires la gente habla mucho de este espacio. Estoy contento porque creo haber tocado como 16 a\u00f1os consecutivos all\u00ed y las veces que no estuve fue porque estaba con alg\u00fan artista. Es un orgullo que siga creciendo, seguramente en alguna oportunidad volver\u00e9\u00bb.<br>\u00abMi mensaje para los j\u00f3venes es que a veces lleva mucho tiempo, a veces menos pero no hay que rendirse nunca, siempre hay que hacer lo que a uno le gusta y tarde o temprano llega esa recompensa\u00bb, finaliz\u00f3 Alvarado.<\/p>\n","protected":false},"excerpt":{"rendered":"<p>La Municipalidad de La Banda destac\u00f3 la gran trayectoria musical que tiene el bande\u00f1o Santiago Alvarado, artista reconocido a nivel nacional e internacional, participando en sesiones con Residente, Duki, Trueno y Niki Nicole, entre otros exponentes nacionales e internacionales.<\/p>\n","protected":false},"author":2,"featured_media":47814,"comment_status":"open","ping_status":"open","sticky":false,"template":"","format":"standard","meta":{"om_disable_all_campaigns":false,"_monsterinsights_skip_tracking":false,"_monsterinsights_sitenote_active":false,"_monsterinsights_sitenote_note":"","_monsterinsights_sitenote_category":0,"_uf_show_specific_survey":0,"_uf_disable_surveys":false,"jetpack_post_was_ever_published":false,"_jetpack_newsletter_access":"","_jetpack_dont_email_post_to_subs":false,"_jetpack_newsletter_tier_id":0,"_jetpack_memberships_contains_paywalled_content":false,"_jetpack_memberships_contains_paid_content":false,"footnotes":"","jetpack_publicize_message":"","jetpack_publicize_feature_enabled":true,"jetpack_social_post_already_shared":false,"jetpack_social_options":{"image_generator_settings":{"template":"highway","default_image_id":0,"font":"","enabled":false},"version":2}},"categories":[9,20],"tags":[],"class_list":["post-47813","post","type-post","status-publish","format-standard","has-post-thumbnail","hentry","category-banda","category-especysociales"],"aioseo_notices":[],"views":11,"jetpack_publicize_connections":[],"jetpack_featured_media_url":"https:\/\/i0.wp.com\/elterritorialweb.com.ar\/web\/wp-content\/uploads\/2023\/01\/WhatsApp-Image-2023-01-08-at-14.17.21.jpeg?fit=1280%2C845&ssl=1","jetpack_sharing_enabled":true,"_links":{"self":[{"href":"https:\/\/elterritorialweb.com.ar\/web\/wp-json\/wp\/v2\/posts\/47813","targetHints":{"allow":["GET"]}}],"collection":[{"href":"https:\/\/elterritorialweb.com.ar\/web\/wp-json\/wp\/v2\/posts"}],"about":[{"href":"https:\/\/elterritorialweb.com.ar\/web\/wp-json\/wp\/v2\/types\/post"}],"author":[{"embeddable":true,"href":"https:\/\/elterritorialweb.com.ar\/web\/wp-json\/wp\/v2\/users\/2"}],"replies":[{"embeddable":true,"href":"https:\/\/elterritorialweb.com.ar\/web\/wp-json\/wp\/v2\/comments?post=47813"}],"version-history":[{"count":2,"href":"https:\/\/elterritorialweb.com.ar\/web\/wp-json\/wp\/v2\/posts\/47813\/revisions"}],"predecessor-version":[{"id":47818,"href":"https:\/\/elterritorialweb.com.ar\/web\/wp-json\/wp\/v2\/posts\/47813\/revisions\/47818"}],"wp:featuredmedia":[{"embeddable":true,"href":"https:\/\/elterritorialweb.com.ar\/web\/wp-json\/wp\/v2\/media\/47814"}],"wp:attachment":[{"href":"https:\/\/elterritorialweb.com.ar\/web\/wp-json\/wp\/v2\/media?parent=47813"}],"wp:term":[{"taxonomy":"category","embeddable":true,"href":"https:\/\/elterritorialweb.com.ar\/web\/wp-json\/wp\/v2\/categories?post=47813"},{"taxonomy":"post_tag","embeddable":true,"href":"https:\/\/elterritorialweb.com.ar\/web\/wp-json\/wp\/v2\/tags?post=47813"}],"curies":[{"name":"wp","href":"https:\/\/api.w.org\/{rel}","templated":true}]}}