{"id":47819,"date":"2023-01-09T03:22:04","date_gmt":"2023-01-09T03:22:04","guid":{"rendered":"http:\/\/elterritorialweb.com.ar\/web\/?p=47819"},"modified":"2023-01-09T03:22:23","modified_gmt":"2023-01-09T03:22:23","slug":"maxima-tension-en-brasilia-con-el-ataque-de-bolsonaristas-al-congreso","status":"publish","type":"post","link":"https:\/\/elterritorialweb.com.ar\/web\/maxima-tension-en-brasilia-con-el-ataque-de-bolsonaristas-al-congreso\/","title":{"rendered":"M\u00c1XIMA TENSI\u00d3N EN BRASILIA CON EL ATAQUE DE BOLSONARISTAS AL CONGRESO"},"content":{"rendered":"\n<p>M\u00e1xima tensi\u00f3n se vive este domingo en\u00a0<strong>Brasil por el avance de bolsonaristas hacia el Congreso, lograron acceder a la instituci\u00f3n luego de incidentes con las fuerzas policiales en un ataque a la democracia de dicho pa\u00eds<\/strong>. Cientos de personas\u00a0<strong>tiraron las vallas\u00a0<\/strong>y atacaron a la polic\u00eda, piden derrocamiento del gobierno de Lula da Silva quien recientemente asumi\u00f3 como presidente del pa\u00eds.<\/p>\n\n\n\n<p>Los manifestantes tambi\u00e9n lograron ingresar a la Corte Suprema, aunque luego las fuerzas de seguridad pudieron\u00a0<strong>recuperar el control de esta instituci\u00f3n<\/strong>, seg\u00fan inform\u00f3\u00a0<em>O GLOBO<\/em>. El medio mencionado agreg\u00f3 que tambi\u00e9n se recuper\u00f3 el Congreso y el Palacio del Planalto, que era otro de los lugares afectados por la situaci\u00f3n.<\/p>\n\n\n\n<p>En las im\u00e1genes se observa c\u00f3mo los manifestantes quer\u00edan ingresar al Congreso frente a la acci\u00f3n de la polic\u00eda, que utiliz\u00f3 gases lacrim\u00f3genos para frenar el avance de los simpatizantes bolsonaristas.<\/p>\n\n\n\n<figure class=\"wp-block-image size-full is-resized\"><a href=\"https:\/\/i0.wp.com\/elterritorialweb.com.ar\/web\/wp-content\/uploads\/2023\/01\/image-2.png\"><img data-recalc-dims=\"1\" decoding=\"async\" data-src=\"https:\/\/i0.wp.com\/elterritorialweb.com.ar\/web\/wp-content\/uploads\/2023\/01\/image-2.png?resize=640%2C426\" alt=\"\" class=\"wp-image-47821 lazyload\" width=\"640\" height=\"426\" data-srcset=\"https:\/\/i0.wp.com\/elterritorialweb.com.ar\/web\/wp-content\/uploads\/2023\/01\/image-2.png?w=770&amp;ssl=1 770w, https:\/\/i0.wp.com\/elterritorialweb.com.ar\/web\/wp-content\/uploads\/2023\/01\/image-2.png?resize=300%2C199&amp;ssl=1 300w, https:\/\/i0.wp.com\/elterritorialweb.com.ar\/web\/wp-content\/uploads\/2023\/01\/image-2.png?resize=768%2C511&amp;ssl=1 768w\" data-sizes=\"(max-width: 640px) 100vw, 640px\" src=\"data:image\/svg+xml;base64,PHN2ZyB3aWR0aD0iMSIgaGVpZ2h0PSIxIiB4bWxucz0iaHR0cDovL3d3dy53My5vcmcvMjAwMC9zdmciPjwvc3ZnPg==\" style=\"--smush-placeholder-width: 640px; --smush-placeholder-aspect-ratio: 640\/426;\" \/><\/a><\/figure>\n\n\n\n<p>El reclamo es que haya\u00a0<strong>una intervenci\u00f3n militar<\/strong>, un pedido que se dio tambi\u00e9n cuando se dio a conocer la victoria de Lula da Silva sobre Jair Bolsonaro en las \u00faltimas elecciones. Seg\u00fan la prensa local, alrededor de 30.000 personas formaron parte de los incidentes y al menos 130 fueron detenidas.<\/p>\n\n\n\n<p>Los manifestantes se subieron a la rampa del Congreso y tomaron el edificio de la C\u00e1mara. La polic\u00eda, por su parte, intent\u00f3 controlar la situaci\u00f3n con&nbsp;<strong>gases lacrim\u00f3genos y bombas<\/strong>&nbsp;para intentar evitar la toma de la instituci\u00f3n pero no pudo evitar el avance.<\/p>\n\n\n\n<p>Los bolsonaristas ingresaron al Congreso luego de tirar las vayas puestas en el lugar. Primero tomaron el&nbsp;<strong>Palacio del Congreso, luego se dirigieron al Parlamento y tambi\u00e9n se movilizaron hacia el Palacio de Justicia.<\/strong><\/p>\n\n\n\n<p>En videos del hecho, se observan los destrozos dentro del Congreso tras la irrupci\u00f3n de los bolsonaristas. Tambi\u00e9n la cuenta de Twitter&nbsp;<em>@AlertaNews24&nbsp;<\/em>inform\u00f3 que los manifestantes prendieron fuego una alfombra en esta instituci\u00f3n brasile\u00f1a y se debi\u00f3 intervenir para apagar las llamas.<\/p>\n\n\n\n<p>Adem\u00e1s, se registraron destrozos y robos de obsequios que distintos l\u00edderes del mundo le entregaron a Lula tras asumir el \u00faltimo 1 de enero como presidente brasile\u00f1o.<\/p>\n\n\n\n<figure class=\"wp-block-image size-large\"><a href=\"https:\/\/i0.wp.com\/elterritorialweb.com.ar\/web\/wp-content\/uploads\/2023\/01\/image-3.png\"><img data-recalc-dims=\"1\" decoding=\"async\" width=\"640\" height=\"360\" data-src=\"https:\/\/i0.wp.com\/elterritorialweb.com.ar\/web\/wp-content\/uploads\/2023\/01\/image-3.png?resize=640%2C360\" alt=\"\" class=\"wp-image-47822 lazyload\" data-srcset=\"https:\/\/i0.wp.com\/elterritorialweb.com.ar\/web\/wp-content\/uploads\/2023\/01\/image-3.png?resize=1024%2C576&amp;ssl=1 1024w, https:\/\/i0.wp.com\/elterritorialweb.com.ar\/web\/wp-content\/uploads\/2023\/01\/image-3.png?resize=300%2C169&amp;ssl=1 300w, https:\/\/i0.wp.com\/elterritorialweb.com.ar\/web\/wp-content\/uploads\/2023\/01\/image-3.png?resize=768%2C432&amp;ssl=1 768w, https:\/\/i0.wp.com\/elterritorialweb.com.ar\/web\/wp-content\/uploads\/2023\/01\/image-3.png?w=1200&amp;ssl=1 1200w\" data-sizes=\"(max-width: 640px) 100vw, 640px\" src=\"data:image\/svg+xml;base64,PHN2ZyB3aWR0aD0iMSIgaGVpZ2h0PSIxIiB4bWxucz0iaHR0cDovL3d3dy53My5vcmcvMjAwMC9zdmciPjwvc3ZnPg==\" style=\"--smush-placeholder-width: 640px; --smush-placeholder-aspect-ratio: 640\/360;\" \/><\/a><\/figure>\n\n\n\n<p>Adem\u00e1s, apareci\u00f3 un video en el que se escucha a una persona expresando que los manifestantes rompieron todo lo que se encontraban por delante y que les obstaculizaba el paso. Entre los destrozos hay&nbsp;<strong>vidrios, c\u00e1maras de seguridad, armarios y despachos.<\/strong><\/p>\n\n\n\n<p>Tambi\u00e9n hay rumores que indican que algunos funcionarios se encuentran en el Parlamento y fueron tomados como rehenes, aunque no fue confirmado.<\/p>\n\n\n\n<p>El presidente del Senado, Rodrigo Pacheco, manifest\u00f3 la consecuencia que deber\u00edan tener los manifestantes que protagonizaron el ataque.\u00a0<strong>\u00abEstos actos antidemocr\u00e1ticos deben sufrir el rigor de la ley\u00bb<\/strong>, se\u00f1al\u00f3.<\/p>\n\n\n\n<p>El hecho se produjo en la semana posterior a la asunci\u00f3n de Lula nuevamente como presidente de Brasil. Mientras se produjo el ataque, el l\u00edder del Partido de los Trabajadores se encontraba en San Pablo en una actividad pautada para observar zonas afectadas por lluvias en el territorio brasile\u00f1o.<\/p>\n\n\n\n<p>Bolsonaro, por su parte, se encuentra en Estados Unidos en un viaje realizado antes de que asuma Lula en el territorio brasile\u00f1o.<\/p>\n\n\n\n<p>El presidente\u00a0Alberto Fern\u00e1ndez public\u00f3 un extenso hilo en Twitter para mostrar su repudio\u00a0por el ataque de los bolsonaristas:\u00a0<strong>\u00abEstamos junto al pueblo brasile\u00f1o para defender la democracia\u00bb.<\/strong><\/p>\n\n\n\n<p>Junto al mandatario argentino, otros\u00a0l\u00edderes del mundo mostraron apoyo hacia Brasil y Lula\u00a0por el dif\u00edcil momento. Uno de ellos fue el presidente de Colombia, Gustavo Petro, quien expres\u00f3 que \u00abel fascismo rompe y violenta el arte\u00bb.<\/p>\n","protected":false},"excerpt":{"rendered":"<p>Cientos de personas tiraron las vallas y atacaron a la polic\u00eda, rompieron todo mientras ped\u00edan el derrocamiento del gobierno de Lula da Silva.<\/p>\n","protected":false},"author":2,"featured_media":47820,"comment_status":"open","ping_status":"open","sticky":false,"template":"","format":"standard","meta":{"om_disable_all_campaigns":false,"_monsterinsights_skip_tracking":false,"_monsterinsights_sitenote_active":false,"_monsterinsights_sitenote_note":"","_monsterinsights_sitenote_category":0,"_uf_show_specific_survey":0,"_uf_disable_surveys":false,"jetpack_post_was_ever_published":false,"_jetpack_newsletter_access":"","_jetpack_dont_email_post_to_subs":false,"_jetpack_newsletter_tier_id":0,"_jetpack_memberships_contains_paywalled_content":false,"_jetpack_memberships_contains_paid_content":false,"footnotes":"","jetpack_publicize_message":"","jetpack_publicize_feature_enabled":true,"jetpack_social_post_already_shared":false,"jetpack_social_options":{"image_generator_settings":{"template":"highway","default_image_id":0,"font":"","enabled":false},"version":2}},"categories":[4,10],"tags":[],"class_list":["post-47819","post","type-post","status-publish","format-standard","has-post-thumbnail","hentry","category-destacadas","category-internacionales"],"aioseo_notices":[],"views":17,"jetpack_publicize_connections":[],"jetpack_featured_media_url":"https:\/\/i0.wp.com\/elterritorialweb.com.ar\/web\/wp-content\/uploads\/2023\/01\/image-1.png?fit=790%2C444&ssl=1","jetpack_sharing_enabled":true,"_links":{"self":[{"href":"https:\/\/elterritorialweb.com.ar\/web\/wp-json\/wp\/v2\/posts\/47819","targetHints":{"allow":["GET"]}}],"collection":[{"href":"https:\/\/elterritorialweb.com.ar\/web\/wp-json\/wp\/v2\/posts"}],"about":[{"href":"https:\/\/elterritorialweb.com.ar\/web\/wp-json\/wp\/v2\/types\/post"}],"author":[{"embeddable":true,"href":"https:\/\/elterritorialweb.com.ar\/web\/wp-json\/wp\/v2\/users\/2"}],"replies":[{"embeddable":true,"href":"https:\/\/elterritorialweb.com.ar\/web\/wp-json\/wp\/v2\/comments?post=47819"}],"version-history":[{"count":1,"href":"https:\/\/elterritorialweb.com.ar\/web\/wp-json\/wp\/v2\/posts\/47819\/revisions"}],"predecessor-version":[{"id":47823,"href":"https:\/\/elterritorialweb.com.ar\/web\/wp-json\/wp\/v2\/posts\/47819\/revisions\/47823"}],"wp:featuredmedia":[{"embeddable":true,"href":"https:\/\/elterritorialweb.com.ar\/web\/wp-json\/wp\/v2\/media\/47820"}],"wp:attachment":[{"href":"https:\/\/elterritorialweb.com.ar\/web\/wp-json\/wp\/v2\/media?parent=47819"}],"wp:term":[{"taxonomy":"category","embeddable":true,"href":"https:\/\/elterritorialweb.com.ar\/web\/wp-json\/wp\/v2\/categories?post=47819"},{"taxonomy":"post_tag","embeddable":true,"href":"https:\/\/elterritorialweb.com.ar\/web\/wp-json\/wp\/v2\/tags?post=47819"}],"curies":[{"name":"wp","href":"https:\/\/api.w.org\/{rel}","templated":true}]}}