{"id":47824,"date":"2023-01-09T03:35:07","date_gmt":"2023-01-09T03:35:07","guid":{"rendered":"http:\/\/elterritorialweb.com.ar\/web\/?p=47824"},"modified":"2023-01-09T03:35:08","modified_gmt":"2023-01-09T03:35:08","slug":"lula-da-silva-decreto-la-intervencion-federal-en-brasilia","status":"publish","type":"post","link":"https:\/\/elterritorialweb.com.ar\/web\/lula-da-silva-decreto-la-intervencion-federal-en-brasilia\/","title":{"rendered":"LULA DA SILVA DECRETO LA INTERVENCI\u00d3N FEDERAL EN BRASILIA"},"content":{"rendered":"\n<p>El presidente de Brasil,<strong>\u00a0Lula da Silva<\/strong>, calific\u00f3 como un \u00abacto antidemocr\u00e1tico\u00bb\u00a0los ataques que cientos de simpatizantes de su antecesor,\u00a0<strong>Jair Bolsonaro<\/strong>, perpetraron este domingo contra las sedes de los tres poderes p\u00fablicos y anunci\u00f3 que decret\u00f3 la intervenci\u00f3n federal a Brasilia para consolidar la seguridad en la capital brasile\u00f1a.<\/p>\n\n\n\n<p><strong>\u00abSe decreta la intervenci\u00f3n federal de Brasilia hasta el 31 de enero\u00bb<\/strong>, manifest\u00f3 el presidente en el inicio de su discurso este domingo, tras los incidentes registraron en la ciudad.<\/p>\n\n\n\n<figure class=\"wp-block-embed is-type-rich is-provider-twitter wp-block-embed-twitter\"><div class=\"wp-block-embed__wrapper\">\n<blockquote class=\"twitter-tweet\" data-width=\"550\" data-dnt=\"true\"><p lang=\"pt\" dir=\"ltr\">Decreto assinado por Lula para interven\u00e7\u00e3o federal no Distrito Federal. <a href=\"https:\/\/twitter.com\/hashtag\/EquipeLula?src=hash&amp;ref_src=twsrc%5Etfw\">#EquipeLula<\/a> <a href=\"https:\/\/t.co\/1gHjIuDGLf\">pic.twitter.com\/1gHjIuDGLf<\/a><\/p>&mdash; Lula (@LulaOficial) <a href=\"https:\/\/twitter.com\/LulaOficial\/status\/1612193475369336832?ref_src=twsrc%5Etfw\">January 8, 2023<\/a><\/blockquote><script async src=\"https:\/\/platform.twitter.com\/widgets.js\" charset=\"utf-8\"><\/script>\n<\/div><\/figure>\n\n\n\n<p>Adem\u00e1s advirti\u00f3 que los \u00abterroristas\u00bb que protagonizaron los incidentes\u00a0<strong>\u00abpagar\u00e1n con toda la fuerza de la ley\u00bb<\/strong>\u00a0y asegur\u00f3 que investigaran qui\u00e9n fue el que los financi\u00f3 as\u00ed tambi\u00e9n el accionar de la polic\u00eda que no impidi\u00f3 su avance. \u00abEsto no tiene precedentes en la historia de Brasil\u00bb, destac\u00f3 el mandatario.<\/p>\n","protected":false},"excerpt":{"rendered":"<p>El presidente de Brasil,\u00a0Lula da Silva, calific\u00f3 como un \u00abacto antidemocr\u00e1tico\u00bb\u00a0los ataques que cientos de&#8230;<\/p>\n","protected":false},"author":2,"featured_media":47825,"comment_status":"open","ping_status":"open","sticky":false,"template":"","format":"standard","meta":{"om_disable_all_campaigns":false,"_monsterinsights_skip_tracking":false,"_monsterinsights_sitenote_active":false,"_monsterinsights_sitenote_note":"","_monsterinsights_sitenote_category":0,"_uf_show_specific_survey":0,"_uf_disable_surveys":false,"jetpack_post_was_ever_published":false,"_jetpack_newsletter_access":"","_jetpack_dont_email_post_to_subs":false,"_jetpack_newsletter_tier_id":0,"_jetpack_memberships_contains_paywalled_content":false,"_jetpack_memberships_contains_paid_content":false,"footnotes":"","jetpack_publicize_message":"","jetpack_publicize_feature_enabled":true,"jetpack_social_post_already_shared":false,"jetpack_social_options":{"image_generator_settings":{"template":"highway","default_image_id":0,"font":"","enabled":false},"version":2}},"categories":[4,10],"tags":[],"class_list":["post-47824","post","type-post","status-publish","format-standard","has-post-thumbnail","hentry","category-destacadas","category-internacionales"],"aioseo_notices":[],"views":19,"jetpack_publicize_connections":[],"jetpack_featured_media_url":"https:\/\/i0.wp.com\/elterritorialweb.com.ar\/web\/wp-content\/uploads\/2023\/01\/LULA-e1673235288165.jpg?fit=1324%2C992&ssl=1","jetpack_sharing_enabled":true,"_links":{"self":[{"href":"https:\/\/elterritorialweb.com.ar\/web\/wp-json\/wp\/v2\/posts\/47824","targetHints":{"allow":["GET"]}}],"collection":[{"href":"https:\/\/elterritorialweb.com.ar\/web\/wp-json\/wp\/v2\/posts"}],"about":[{"href":"https:\/\/elterritorialweb.com.ar\/web\/wp-json\/wp\/v2\/types\/post"}],"author":[{"embeddable":true,"href":"https:\/\/elterritorialweb.com.ar\/web\/wp-json\/wp\/v2\/users\/2"}],"replies":[{"embeddable":true,"href":"https:\/\/elterritorialweb.com.ar\/web\/wp-json\/wp\/v2\/comments?post=47824"}],"version-history":[{"count":1,"href":"https:\/\/elterritorialweb.com.ar\/web\/wp-json\/wp\/v2\/posts\/47824\/revisions"}],"predecessor-version":[{"id":47826,"href":"https:\/\/elterritorialweb.com.ar\/web\/wp-json\/wp\/v2\/posts\/47824\/revisions\/47826"}],"wp:featuredmedia":[{"embeddable":true,"href":"https:\/\/elterritorialweb.com.ar\/web\/wp-json\/wp\/v2\/media\/47825"}],"wp:attachment":[{"href":"https:\/\/elterritorialweb.com.ar\/web\/wp-json\/wp\/v2\/media?parent=47824"}],"wp:term":[{"taxonomy":"category","embeddable":true,"href":"https:\/\/elterritorialweb.com.ar\/web\/wp-json\/wp\/v2\/categories?post=47824"},{"taxonomy":"post_tag","embeddable":true,"href":"https:\/\/elterritorialweb.com.ar\/web\/wp-json\/wp\/v2\/tags?post=47824"}],"curies":[{"name":"wp","href":"https:\/\/api.w.org\/{rel}","templated":true}]}}