{"id":47827,"date":"2023-01-09T03:54:33","date_gmt":"2023-01-09T03:54:33","guid":{"rendered":"http:\/\/elterritorialweb.com.ar\/web\/?p=47827"},"modified":"2023-01-09T03:54:34","modified_gmt":"2023-01-09T03:54:34","slug":"el-plantel-de-central-cordoba-viajo-rumbo-a-buenos-aires","status":"publish","type":"post","link":"https:\/\/elterritorialweb.com.ar\/web\/el-plantel-de-central-cordoba-viajo-rumbo-a-buenos-aires\/","title":{"rendered":"EL PLANTEL DE CENTRAL C\u00d3RDOBA VIAJ\u00d3 RUMBO A BUENOS AIRES"},"content":{"rendered":"\n<p>El plantel de Central C\u00f3rdoba emprendi\u00f3 viaje a Buenos Aires para continuar con su pretemporada de cara a la Liga Profesional de F\u00fatbol 2023. Los jugadores y el cuerpo t\u00e9cnico partieron desde el Aeropuerto de la capital santiague\u00f1a y se alojar\u00e1n en el predio La Candela, lugar donde llevar\u00e1n a cabo su concentraci\u00f3n.<\/p>\n\n\n\n<p>En su estad\u00eda en Buenos Aires, Central C\u00f3rdoba tiene pactado la disputa de dos partidos amistosos. El primero ser\u00e1 el pr\u00f3ximo s\u00e1bado 14 de enero ante Instituto de C\u00f3rdoba y luego el segundo ser\u00e1 el mi\u00e9rcoles 18 ante Almagro. Tras este juego el plantel emprender\u00e1 su regreso a Santiago del Estero para la \u00faltima parte de su preparaci\u00f3n.<\/p>\n\n\n\n<figure class=\"wp-block-image size-large\"><a href=\"https:\/\/i0.wp.com\/elterritorialweb.com.ar\/web\/wp-content\/uploads\/2023\/01\/WhatsApp-Image-2023-01-08-at-21.58.17.jpeg\"><img data-recalc-dims=\"1\" decoding=\"async\" width=\"640\" height=\"453\" data-src=\"https:\/\/i0.wp.com\/elterritorialweb.com.ar\/web\/wp-content\/uploads\/2023\/01\/WhatsApp-Image-2023-01-08-at-21.58.17.jpeg?resize=640%2C453\" alt=\"\" class=\"wp-image-47829 lazyload\" data-srcset=\"https:\/\/i0.wp.com\/elterritorialweb.com.ar\/web\/wp-content\/uploads\/2023\/01\/WhatsApp-Image-2023-01-08-at-21.58.17.jpeg?resize=1024%2C725&amp;ssl=1 1024w, https:\/\/i0.wp.com\/elterritorialweb.com.ar\/web\/wp-content\/uploads\/2023\/01\/WhatsApp-Image-2023-01-08-at-21.58.17.jpeg?resize=300%2C212&amp;ssl=1 300w, https:\/\/i0.wp.com\/elterritorialweb.com.ar\/web\/wp-content\/uploads\/2023\/01\/WhatsApp-Image-2023-01-08-at-21.58.17.jpeg?resize=768%2C544&amp;ssl=1 768w, https:\/\/i0.wp.com\/elterritorialweb.com.ar\/web\/wp-content\/uploads\/2023\/01\/WhatsApp-Image-2023-01-08-at-21.58.17.jpeg?w=1280&amp;ssl=1 1280w\" data-sizes=\"(max-width: 640px) 100vw, 640px\" src=\"data:image\/svg+xml;base64,PHN2ZyB3aWR0aD0iMSIgaGVpZ2h0PSIxIiB4bWxucz0iaHR0cDovL3d3dy53My5vcmcvMjAwMC9zdmciPjwvc3ZnPg==\" style=\"--smush-placeholder-width: 640px; --smush-placeholder-aspect-ratio: 640\/453;\" \/><\/a><\/figure>\n\n\n\n<p>Desde la instituci\u00f3n informaron que el arquero Marcos Ledesma se sumar\u00e1 este lunes al plantel.<\/p>\n\n\n\n<h3 class=\"wp-block-heading\">LISTADO DE 23 JUGADORES CONCENTRADOS QUE VIAJARON A BUENOS AIRES<\/h3>\n\n\n\n<p><strong>ARQUEROS:<\/strong> Mat\u00edas Mansilla y Julian Diaz Lobo (arqueros).<\/p>\n\n\n\n<p><strong>DEFENSORES:<\/strong> Fabio Ferreyra, Luciano Bocco, Jos\u00e9 Gomez, Fernando Martinez, Lautaro Montoya, Jul\u00edan Navas, Gustavo Canto, Sebastian Vald\u00e9z y Brian Blasi <\/p>\n\n\n\n<p><strong>MEDIOCAMPISTAS: <\/strong>Jes\u00fas Soraire, Enzo Kalinski, Gino Olgu\u00edn, Federico Jourdan, Ciro Rius, Leandro Ciccolini, Mat\u00edas Laba, El\u00edan Robles y Diego V\u00e1zquez.<\/p>\n\n\n\n<p><strong>DELANTEROS:<\/strong> Facundo Castelli, Gonzalo Torres y Ram\u00f3n Cancinos.<\/p>\n","protected":false},"excerpt":{"rendered":"<p>Con el objetivo de continuar con la pretemporada y jugar partidos amistosos de cara al inicio del campeonato de la Liga Profesional.<\/p>\n","protected":false},"author":2,"featured_media":47828,"comment_status":"open","ping_status":"open","sticky":false,"template":"","format":"standard","meta":{"om_disable_all_campaigns":false,"_monsterinsights_skip_tracking":false,"_monsterinsights_sitenote_active":false,"_monsterinsights_sitenote_note":"","_monsterinsights_sitenote_category":0,"_uf_show_specific_survey":0,"_uf_disable_surveys":false,"jetpack_post_was_ever_published":false,"_jetpack_newsletter_access":"","_jetpack_dont_email_post_to_subs":false,"_jetpack_newsletter_tier_id":0,"_jetpack_memberships_contains_paywalled_content":false,"_jetpack_memberships_contains_paid_content":false,"footnotes":"","jetpack_publicize_message":"","jetpack_publicize_feature_enabled":true,"jetpack_social_post_already_shared":false,"jetpack_social_options":{"image_generator_settings":{"template":"highway","default_image_id":0,"font":"","enabled":false},"version":2}},"categories":[6],"tags":[],"class_list":["post-47827","post","type-post","status-publish","format-standard","has-post-thumbnail","hentry","category-deportes"],"aioseo_notices":[],"views":28,"jetpack_publicize_connections":[],"jetpack_featured_media_url":"https:\/\/i0.wp.com\/elterritorialweb.com.ar\/web\/wp-content\/uploads\/2023\/01\/WhatsApp-Image-2023-01-08-at-21.58.16.jpeg?fit=1280%2C853&ssl=1","jetpack_sharing_enabled":true,"_links":{"self":[{"href":"https:\/\/elterritorialweb.com.ar\/web\/wp-json\/wp\/v2\/posts\/47827","targetHints":{"allow":["GET"]}}],"collection":[{"href":"https:\/\/elterritorialweb.com.ar\/web\/wp-json\/wp\/v2\/posts"}],"about":[{"href":"https:\/\/elterritorialweb.com.ar\/web\/wp-json\/wp\/v2\/types\/post"}],"author":[{"embeddable":true,"href":"https:\/\/elterritorialweb.com.ar\/web\/wp-json\/wp\/v2\/users\/2"}],"replies":[{"embeddable":true,"href":"https:\/\/elterritorialweb.com.ar\/web\/wp-json\/wp\/v2\/comments?post=47827"}],"version-history":[{"count":1,"href":"https:\/\/elterritorialweb.com.ar\/web\/wp-json\/wp\/v2\/posts\/47827\/revisions"}],"predecessor-version":[{"id":47830,"href":"https:\/\/elterritorialweb.com.ar\/web\/wp-json\/wp\/v2\/posts\/47827\/revisions\/47830"}],"wp:featuredmedia":[{"embeddable":true,"href":"https:\/\/elterritorialweb.com.ar\/web\/wp-json\/wp\/v2\/media\/47828"}],"wp:attachment":[{"href":"https:\/\/elterritorialweb.com.ar\/web\/wp-json\/wp\/v2\/media?parent=47827"}],"wp:term":[{"taxonomy":"category","embeddable":true,"href":"https:\/\/elterritorialweb.com.ar\/web\/wp-json\/wp\/v2\/categories?post=47827"},{"taxonomy":"post_tag","embeddable":true,"href":"https:\/\/elterritorialweb.com.ar\/web\/wp-json\/wp\/v2\/tags?post=47827"}],"curies":[{"name":"wp","href":"https:\/\/api.w.org\/{rel}","templated":true}]}}