{"id":47839,"date":"2023-01-09T22:07:07","date_gmt":"2023-01-09T22:07:07","guid":{"rendered":"http:\/\/elterritorialweb.com.ar\/web\/?p=47839"},"modified":"2023-01-09T22:08:21","modified_gmt":"2023-01-09T22:08:21","slug":"los-contagios-de-covid-19-bajaron-un-5648-en-la-ultima-semana-en-argentina","status":"publish","type":"post","link":"https:\/\/elterritorialweb.com.ar\/web\/los-contagios-de-covid-19-bajaron-un-5648-en-la-ultima-semana-en-argentina\/","title":{"rendered":"LOS CONTAGIOS DE COVID-19 BAJARON UN 56,48% EN LA \u00daLTIMA SEMANA EN ARGENTINA"},"content":{"rendered":"\n<p>El Ministerio de Salud inform\u00f3 este lunes que\u00a0<strong>se registraron 40.982 nuevos contagios de Covid-19 en Argentina en los \u00faltimos siete d\u00edas<\/strong>, lo que representa\u00a0una disminuci\u00f3n del 56,48% con respecto a las 72.558\u00a0infecciones de la semana anterior.<\/p>\n\n\n\n<p><strong>La cartera sanitaria, que encabeza Carla Vizzotti,<\/strong>\u00a0<strong>detall\u00f3 que se detectaron 11.452 en la provincia de Buenos Aires<\/strong>, 8.370 en C\u00f3rdoba, 3.237 en Santa Fe, 2.775 en la Ciudad de Buenos Aires, 2.326 en Tucum\u00e1n, 1.625 en Mendoza, 1.490 en San Juan, 1.450 en Jujuy y 890 en Catamarca, entre otras.<\/p>\n\n\n\n<p>Por otra parte,&nbsp;<strong>se produjeron 78 decesos, de los cuales 29 ocurrieron en la provincia de Buenos Aires<\/strong>; nueve en Mendoza, ocho en la Ciudad de Buenos Aires; cinco en Salta; cuatro en San Luis y Santa Fe; tres en R\u00edo Negro, Neuqu\u00e9n y Entre R\u00edos; dos en Chaco, Santiago del Estero y Tucum\u00e1n; uno en Catamarca, C\u00f3rdoba, Formosa y La Pampa.<\/p>\n\n\n\n<p>El Ministerio<strong>\u00a0comunic\u00f3 que hay 413 personas internadas en unidades de terapia intensiva.<\/strong>\u00a0De esta manera, la ocupaci\u00f3n de camas UTI lleg\u00f3 al 41,2% seg\u00fan todas las patalog\u00edas, en el sector p\u00fabico y privado.<\/p>\n\n\n\n<h3 class=\"wp-block-heading\">Las cifras del Covid-19 en Argentina:<\/h3>\n\n\n\n<p>El 20 de marzo de 2020 el presidente Alberto Fern\u00e1ndez decret\u00f3 la pandemia de Covid-19 en Argentina. Desde ese momento,&nbsp;<strong>en el pa\u00eds hubo 10.004.679 contagios y 130.249 muertes<\/strong>.<\/p>\n","protected":false},"excerpt":{"rendered":"<p>El informe de la cartera sanitaria registr\u00f3 40.982 casos de coronavirus y 78 fallecidos en los \u00faltimos siete d\u00edas.<\/p>\n","protected":false},"author":2,"featured_media":27683,"comment_status":"open","ping_status":"open","sticky":false,"template":"","format":"standard","meta":{"om_disable_all_campaigns":false,"_monsterinsights_skip_tracking":false,"_monsterinsights_sitenote_active":false,"_monsterinsights_sitenote_note":"","_monsterinsights_sitenote_category":0,"_uf_show_specific_survey":0,"_uf_disable_surveys":false,"jetpack_post_was_ever_published":false,"_jetpack_newsletter_access":"","_jetpack_dont_email_post_to_subs":false,"_jetpack_newsletter_tier_id":0,"_jetpack_memberships_contains_paywalled_content":false,"_jetpack_memberships_contains_paid_content":false,"footnotes":"","jetpack_publicize_message":"","jetpack_publicize_feature_enabled":true,"jetpack_social_post_already_shared":false,"jetpack_social_options":{"image_generator_settings":{"template":"highway","default_image_id":0,"font":"","enabled":false},"version":2}},"categories":[4,3],"tags":[],"class_list":["post-47839","post","type-post","status-publish","format-standard","has-post-thumbnail","hentry","category-destacadas","category-salud"],"aioseo_notices":[],"views":10,"jetpack_publicize_connections":[],"jetpack_featured_media_url":"https:\/\/i0.wp.com\/elterritorialweb.com.ar\/web\/wp-content\/uploads\/2021\/09\/nuevos-casos-15-de-septiembre.jpg?fit=640%2C360&ssl=1","jetpack_sharing_enabled":true,"_links":{"self":[{"href":"https:\/\/elterritorialweb.com.ar\/web\/wp-json\/wp\/v2\/posts\/47839","targetHints":{"allow":["GET"]}}],"collection":[{"href":"https:\/\/elterritorialweb.com.ar\/web\/wp-json\/wp\/v2\/posts"}],"about":[{"href":"https:\/\/elterritorialweb.com.ar\/web\/wp-json\/wp\/v2\/types\/post"}],"author":[{"embeddable":true,"href":"https:\/\/elterritorialweb.com.ar\/web\/wp-json\/wp\/v2\/users\/2"}],"replies":[{"embeddable":true,"href":"https:\/\/elterritorialweb.com.ar\/web\/wp-json\/wp\/v2\/comments?post=47839"}],"version-history":[{"count":1,"href":"https:\/\/elterritorialweb.com.ar\/web\/wp-json\/wp\/v2\/posts\/47839\/revisions"}],"predecessor-version":[{"id":47840,"href":"https:\/\/elterritorialweb.com.ar\/web\/wp-json\/wp\/v2\/posts\/47839\/revisions\/47840"}],"wp:featuredmedia":[{"embeddable":true,"href":"https:\/\/elterritorialweb.com.ar\/web\/wp-json\/wp\/v2\/media\/27683"}],"wp:attachment":[{"href":"https:\/\/elterritorialweb.com.ar\/web\/wp-json\/wp\/v2\/media?parent=47839"}],"wp:term":[{"taxonomy":"category","embeddable":true,"href":"https:\/\/elterritorialweb.com.ar\/web\/wp-json\/wp\/v2\/categories?post=47839"},{"taxonomy":"post_tag","embeddable":true,"href":"https:\/\/elterritorialweb.com.ar\/web\/wp-json\/wp\/v2\/tags?post=47839"}],"curies":[{"name":"wp","href":"https:\/\/api.w.org\/{rel}","templated":true}]}}