{"id":47842,"date":"2023-01-09T22:31:59","date_gmt":"2023-01-09T22:31:59","guid":{"rendered":"http:\/\/elterritorialweb.com.ar\/web\/?p=47842"},"modified":"2023-01-09T22:32:00","modified_gmt":"2023-01-09T22:32:00","slug":"agustin-rossi-se-va-de-boca-para-jugar-en-el-flamenco","status":"publish","type":"post","link":"https:\/\/elterritorialweb.com.ar\/web\/agustin-rossi-se-va-de-boca-para-jugar-en-el-flamenco\/","title":{"rendered":"AGUST\u00cdN ROSSI SE VA DE BOCA PARA JUGAR EN EL FLAMENCO"},"content":{"rendered":"\n<p><strong>Flamengo anunci\u00f3 este lunes la llegada del arquero Agust\u00edn Rossi.<\/strong>\u00a0El futbolista firm\u00f3 un precontrato con el club brasile\u00f1o y\u00a0resta determinar si su salida de Boca ser\u00e1 en estos d\u00edas o en julio. El jugador dejar\u00e1 el Xeneize tras no llegar a un acuerdo para la renovaci\u00f3n de su v\u00ednculo, que vencer\u00e1 en junio.<\/p>\n\n\n\n<figure class=\"wp-block-image size-full\"><a href=\"https:\/\/i0.wp.com\/elterritorialweb.com.ar\/web\/wp-content\/uploads\/2023\/01\/rossi-boca-flamengo-tuit.png\"><img data-recalc-dims=\"1\" decoding=\"async\" width=\"640\" height=\"322\" data-src=\"https:\/\/i0.wp.com\/elterritorialweb.com.ar\/web\/wp-content\/uploads\/2023\/01\/rossi-boca-flamengo-tuit.png?resize=640%2C322\" alt=\"\" class=\"wp-image-47843 lazyload\" data-srcset=\"https:\/\/i0.wp.com\/elterritorialweb.com.ar\/web\/wp-content\/uploads\/2023\/01\/rossi-boca-flamengo-tuit.png?w=790&amp;ssl=1 790w, https:\/\/i0.wp.com\/elterritorialweb.com.ar\/web\/wp-content\/uploads\/2023\/01\/rossi-boca-flamengo-tuit.png?resize=300%2C151&amp;ssl=1 300w, https:\/\/i0.wp.com\/elterritorialweb.com.ar\/web\/wp-content\/uploads\/2023\/01\/rossi-boca-flamengo-tuit.png?resize=768%2C386&amp;ssl=1 768w\" data-sizes=\"(max-width: 640px) 100vw, 640px\" src=\"data:image\/svg+xml;base64,PHN2ZyB3aWR0aD0iMSIgaGVpZ2h0PSIxIiB4bWxucz0iaHR0cDovL3d3dy53My5vcmcvMjAwMC9zdmciPjwvc3ZnPg==\" style=\"--smush-placeholder-width: 640px; --smush-placeholder-aspect-ratio: 640\/322;\" \/><\/a><\/figure>\n\n\n\n<p><strong>\u00abFlamengo y Agust\u00edn Rossi firmaron un contrato pre-empleo con vigencia del 1 de julio de 2023 al 31 de diciembre de 2027\u00bb<\/strong>, public\u00f3 el club brasile\u00f1o en sus redes sociales para anunciar el arribo del arquero. El futbolista de 27 a\u00f1os se ir\u00e1 el Xeneize tras su llegada en febrero de 2017.<\/p>\n\n\n\n<p>En cuanto a lo que ped\u00eda Rossi para renovar su v\u00ednculo, estaba pedir una duraci\u00f3n del nuevo contrato que no coincid\u00eda con la intenci\u00f3n de Boca, adem\u00e1s de una serie de cl\u00e1usulas. Si bien los dirigentes, con<strong>&nbsp;Juan Rom\u00e1n Riquelme a la cabeza del Consejo de F\u00fatbol<\/strong>, le acercaron varias ofertas, el futbolista las desestim\u00f3.<\/p>\n\n\n\n<p>Riquelme se expres\u00f3 en varias oportunidades sobre la situaci\u00f3n contractual de Rossi y en octubre hab\u00eda manifestado en&nbsp;<em>Radio La Red<\/em>&nbsp;c\u00f3mo se encontraban las negociaciones: \u00abDe plata no vamos a hablar.&nbsp;<strong>El esfuerzo que hace Boca es incre\u00edble<\/strong>. Tambi\u00e9n entendemos que Agust\u00edn tenga otras pretensiones o sue\u00f1e jugar en otro lugar. Vamos a sentarnos con su representante, ver qu\u00e9 tienen ganas de hacer y ver de encontrar una soluci\u00f3n\u00bb.<\/p>\n\n\n\n<p>Los dirigentes del club de R\u00edo de Janeiro buscan llegar a un acuerdo con Boca para que su llegada se lleve a cabo en los pr\u00f3ximos d\u00edas y no tener que esperar hasta julio.<\/p>\n","protected":false},"excerpt":{"rendered":"<p>El arquero firm\u00f3 un precontrato con el club brasile\u00f1o y dejar\u00e1 de ser jugador del Xeneize.<\/p>\n","protected":false},"author":2,"featured_media":47844,"comment_status":"open","ping_status":"open","sticky":false,"template":"","format":"standard","meta":{"om_disable_all_campaigns":false,"_monsterinsights_skip_tracking":false,"_monsterinsights_sitenote_active":false,"_monsterinsights_sitenote_note":"","_monsterinsights_sitenote_category":0,"_uf_show_specific_survey":0,"_uf_disable_surveys":false,"jetpack_post_was_ever_published":false,"_jetpack_newsletter_access":"","_jetpack_dont_email_post_to_subs":false,"_jetpack_newsletter_tier_id":0,"_jetpack_memberships_contains_paywalled_content":false,"_jetpack_memberships_contains_paid_content":false,"footnotes":"","jetpack_publicize_message":"","jetpack_publicize_feature_enabled":true,"jetpack_social_post_already_shared":false,"jetpack_social_options":{"image_generator_settings":{"template":"highway","default_image_id":0,"font":"","enabled":false},"version":2}},"categories":[6,4],"tags":[],"class_list":["post-47842","post","type-post","status-publish","format-standard","has-post-thumbnail","hentry","category-deportes","category-destacadas"],"aioseo_notices":[],"views":10,"jetpack_publicize_connections":[],"jetpack_featured_media_url":"https:\/\/i0.wp.com\/elterritorialweb.com.ar\/web\/wp-content\/uploads\/2023\/01\/agustin-rossi-bocajpg.jpg?fit=610%2C457&ssl=1","jetpack_sharing_enabled":true,"_links":{"self":[{"href":"https:\/\/elterritorialweb.com.ar\/web\/wp-json\/wp\/v2\/posts\/47842","targetHints":{"allow":["GET"]}}],"collection":[{"href":"https:\/\/elterritorialweb.com.ar\/web\/wp-json\/wp\/v2\/posts"}],"about":[{"href":"https:\/\/elterritorialweb.com.ar\/web\/wp-json\/wp\/v2\/types\/post"}],"author":[{"embeddable":true,"href":"https:\/\/elterritorialweb.com.ar\/web\/wp-json\/wp\/v2\/users\/2"}],"replies":[{"embeddable":true,"href":"https:\/\/elterritorialweb.com.ar\/web\/wp-json\/wp\/v2\/comments?post=47842"}],"version-history":[{"count":1,"href":"https:\/\/elterritorialweb.com.ar\/web\/wp-json\/wp\/v2\/posts\/47842\/revisions"}],"predecessor-version":[{"id":47845,"href":"https:\/\/elterritorialweb.com.ar\/web\/wp-json\/wp\/v2\/posts\/47842\/revisions\/47845"}],"wp:featuredmedia":[{"embeddable":true,"href":"https:\/\/elterritorialweb.com.ar\/web\/wp-json\/wp\/v2\/media\/47844"}],"wp:attachment":[{"href":"https:\/\/elterritorialweb.com.ar\/web\/wp-json\/wp\/v2\/media?parent=47842"}],"wp:term":[{"taxonomy":"category","embeddable":true,"href":"https:\/\/elterritorialweb.com.ar\/web\/wp-json\/wp\/v2\/categories?post=47842"},{"taxonomy":"post_tag","embeddable":true,"href":"https:\/\/elterritorialweb.com.ar\/web\/wp-json\/wp\/v2\/tags?post=47842"}],"curies":[{"name":"wp","href":"https:\/\/api.w.org\/{rel}","templated":true}]}}