{"id":48068,"date":"2023-01-17T22:46:28","date_gmt":"2023-01-17T22:46:28","guid":{"rendered":"http:\/\/elterritorialweb.com.ar\/web\/?p=48068"},"modified":"2023-01-17T22:46:29","modified_gmt":"2023-01-17T22:46:29","slug":"advierten-venta-de-entradas-falsas-del-festival-de-la-salamanca-2023","status":"publish","type":"post","link":"https:\/\/elterritorialweb.com.ar\/web\/advierten-venta-de-entradas-falsas-del-festival-de-la-salamanca-2023\/","title":{"rendered":"ADVIERTEN VENTA DE ENTRADAS FALSAS DEL FESTIVAL DE LA SALAMANCA 2023"},"content":{"rendered":"\n<p>Por su parte, la responsable de la oficina de defensa al consumidor Yamila C\u00e1pula expres\u00f3: \u201cEstamos brindando una serie de advertencias dentro del marco \u201cVecinos Informados, Vecinos Cuidados\u201d, respecto a posibles estafas que se puede dar con la compra de las entradas del Festival principalmente aquellas que sean adquiridas a menor precio ya que son consideradas falsas con las cuales no van a poder acceder a dicho evento\u201d.<br>Con el objetivo de evitar maniobras inescrupulosas que perjudiquen al p\u00fablico salamanquero, se reitera que los \u00fanicos lugares habilitados para la venta de entradas son: de manera online es https:\/\/festivallasalamanca.gob.ar\/ y de manera f\u00edsica en el Cine Teatro Renzi, sita en Av. Besares 151, La Banda, de lunes a s\u00e1bado en el horario 9 a 12 y 17 a 21, como as\u00ed tambi\u00e9n en \u201cMario Ruiz Producciones\u201d, sita en Av. Rivadavia 384, Capital, de lunes a s\u00e1bado en el horario de 16 a 22.<br>La compra de tickets en cualquier otro punto no autorizado por la comisi\u00f3n organizadora no ser\u00e1 reconocidos como v\u00e1lidos.<\/p>\n","protected":false},"excerpt":{"rendered":"<p>Desde la comisi\u00f3n organizadora del Festival Nacional de La Salamanca advirti\u00f3 a todas las personas interesadas en asistir a este evento, que se desarrollar\u00e1 del 2 al 4 de febrero en el Club Sarmiento, que solamente se reconocer\u00e1n como v\u00e1lidas aquellas entradas que se adquieran en los sitios habilitados oficialmente para tal fin.<\/p>\n","protected":false},"author":2,"featured_media":48069,"comment_status":"open","ping_status":"open","sticky":false,"template":"","format":"standard","meta":{"om_disable_all_campaigns":false,"_monsterinsights_skip_tracking":false,"_monsterinsights_sitenote_active":false,"_monsterinsights_sitenote_note":"","_monsterinsights_sitenote_category":0,"_uf_show_specific_survey":0,"_uf_disable_surveys":false,"jetpack_post_was_ever_published":false,"_jetpack_newsletter_access":"","_jetpack_dont_email_post_to_subs":false,"_jetpack_newsletter_tier_id":0,"_jetpack_memberships_contains_paywalled_content":false,"_jetpack_memberships_contains_paid_content":false,"footnotes":"","jetpack_publicize_message":"","jetpack_publicize_feature_enabled":true,"jetpack_social_post_already_shared":false,"jetpack_social_options":{"image_generator_settings":{"template":"highway","default_image_id":0,"font":"","enabled":false},"version":2}},"categories":[9,20],"tags":[],"class_list":["post-48068","post","type-post","status-publish","format-standard","has-post-thumbnail","hentry","category-banda","category-especysociales"],"aioseo_notices":[],"views":10,"jetpack_publicize_connections":[],"jetpack_featured_media_url":"https:\/\/i0.wp.com\/elterritorialweb.com.ar\/web\/wp-content\/uploads\/2023\/01\/DSCF0068-3-768x576-1.jpg?fit=768%2C576&ssl=1","jetpack_sharing_enabled":true,"_links":{"self":[{"href":"https:\/\/elterritorialweb.com.ar\/web\/wp-json\/wp\/v2\/posts\/48068","targetHints":{"allow":["GET"]}}],"collection":[{"href":"https:\/\/elterritorialweb.com.ar\/web\/wp-json\/wp\/v2\/posts"}],"about":[{"href":"https:\/\/elterritorialweb.com.ar\/web\/wp-json\/wp\/v2\/types\/post"}],"author":[{"embeddable":true,"href":"https:\/\/elterritorialweb.com.ar\/web\/wp-json\/wp\/v2\/users\/2"}],"replies":[{"embeddable":true,"href":"https:\/\/elterritorialweb.com.ar\/web\/wp-json\/wp\/v2\/comments?post=48068"}],"version-history":[{"count":1,"href":"https:\/\/elterritorialweb.com.ar\/web\/wp-json\/wp\/v2\/posts\/48068\/revisions"}],"predecessor-version":[{"id":48070,"href":"https:\/\/elterritorialweb.com.ar\/web\/wp-json\/wp\/v2\/posts\/48068\/revisions\/48070"}],"wp:featuredmedia":[{"embeddable":true,"href":"https:\/\/elterritorialweb.com.ar\/web\/wp-json\/wp\/v2\/media\/48069"}],"wp:attachment":[{"href":"https:\/\/elterritorialweb.com.ar\/web\/wp-json\/wp\/v2\/media?parent=48068"}],"wp:term":[{"taxonomy":"category","embeddable":true,"href":"https:\/\/elterritorialweb.com.ar\/web\/wp-json\/wp\/v2\/categories?post=48068"},{"taxonomy":"post_tag","embeddable":true,"href":"https:\/\/elterritorialweb.com.ar\/web\/wp-json\/wp\/v2\/tags?post=48068"}],"curies":[{"name":"wp","href":"https:\/\/api.w.org\/{rel}","templated":true}]}}