{"id":48071,"date":"2023-01-18T02:03:38","date_gmt":"2023-01-18T02:03:38","guid":{"rendered":"http:\/\/elterritorialweb.com.ar\/web\/?p=48071"},"modified":"2023-01-18T02:06:11","modified_gmt":"2023-01-18T02:06:11","slug":"maxi-y-los-elegidos-el-cuarteto-catamarqueno","status":"publish","type":"post","link":"https:\/\/elterritorialweb.com.ar\/web\/maxi-y-los-elegidos-el-cuarteto-catamarqueno\/","title":{"rendered":"MAXI Y LOS ELEGIDOS, EL CUARTETO CATAMARQUE\u00d1O"},"content":{"rendered":"\n<p>Maxi y Los Elegidos, es el nombre de la banda de cuarteto de Catamarca que nuevamente pide pista. La salida del \u201cstand bye\u201d por la situaci\u00f3n sanitaria se hizo cuesta arriba, pero no hay tiempo que no se trabaje con paciencia y constancia para poner los<br>elementos en orden.<\/p>\n\n\n\n<p>Ese orden que manejaba Maxi Mendoza desde el 2002, cu\u00e1ndo fue elegido para continuar con el legado de Walter Olmos. Tras la tr\u00e1gica desaparici\u00f3n f\u00edsica de quien supo recorrer el pa\u00eds llevando su m\u00fasica a los distintos escenarios del pa\u00eds.<\/p>\n\n\n\n<p>As\u00ed fue que los m\u00fasicos decidieron convocar un casting de vocalistas buscando encontrar una nueva voz que pudiera liderar el grupo para prolongar con las presentaciones. Y un 21 de septiembre de 2002 la b\u00fasqueda lleg\u00f3 a su fin.<\/p>\n\n\n\n<p>Oriundo de Mutqu\u00edn, en la provincia de Catamarca, pas\u00f3 una infancia rodeada de la naturaleza del interior, lleg\u00f3 a la capital para trabajar de la construcci\u00f3n y as\u00ed ayudar a su familia.<\/p>\n\n\n\n<p>Con presentaciones en Buenos Aires, C\u00f3rdoba, Mendoza, Tucum\u00e1n, La Rioja y<br>Catamarca y Santiago del Estero; aquel regreso esperado se cumpli\u00f3 y tras la pandemia,<br>se actualiza y va nuevamente en b\u00fasqueda del cari\u00f1o del p\u00fablico.<\/p>\n\n\n\n<p>M\u00e1s de cinco discos grabados afirman la posici\u00f3n que logr\u00f3: \u201cEl Cuarteto de siempre\u201d \u2013<br>\u201cUn Pura Sangre por Siempre\u201d, \u201cSobredosis de amor\u201d, \u201cTodo a su Tiempo\u201d y<br>\u201cCoincidencias\u201d, son los t\u00edtulos que dan marco a ese estilo que se impone.<\/p>\n\n\n\n<figure class=\"wp-block-embed is-type-video is-provider-youtube wp-block-embed-youtube wp-embed-aspect-4-3 wp-has-aspect-ratio\"><div class=\"wp-block-embed__wrapper\">\n<iframe title=\"Maxi y los elegidos - Dejame intentar\" width=\"640\" height=\"480\" data-src=\"https:\/\/www.youtube.com\/embed\/iLthG_70jas?feature=oembed\" frameborder=\"0\" allow=\"accelerometer; autoplay; clipboard-write; encrypted-media; gyroscope; picture-in-picture; web-share\" referrerpolicy=\"strict-origin-when-cross-origin\" allowfullscreen src=\"data:image\/svg+xml;base64,PHN2ZyB3aWR0aD0iMSIgaGVpZ2h0PSIxIiB4bWxucz0iaHR0cDovL3d3dy53My5vcmcvMjAwMC9zdmciPjwvc3ZnPg==\" class=\"lazyload\" data-load-mode=\"1\"><\/iframe>\n<\/div><\/figure>\n","protected":false},"excerpt":{"rendered":"<p>Su talento vocal lo distingui\u00f3 para continuar con el legado de su colega Walter Olmos. Once a\u00f1os pasaron de aquel momento d\u00f3nde su vida se convirti\u00f3 en el estandarte de la m\u00fasica catamarque\u00f1a.<\/p>\n","protected":false},"author":2,"featured_media":48072,"comment_status":"open","ping_status":"open","sticky":false,"template":"","format":"standard","meta":{"om_disable_all_campaigns":false,"_monsterinsights_skip_tracking":false,"_monsterinsights_sitenote_active":false,"_monsterinsights_sitenote_note":"","_monsterinsights_sitenote_category":0,"_uf_show_specific_survey":0,"_uf_disable_surveys":false,"jetpack_post_was_ever_published":false,"_jetpack_newsletter_access":"","_jetpack_dont_email_post_to_subs":false,"_jetpack_newsletter_tier_id":0,"_jetpack_memberships_contains_paywalled_content":false,"_jetpack_memberships_contains_paid_content":false,"footnotes":"","jetpack_publicize_message":"","jetpack_publicize_feature_enabled":true,"jetpack_social_post_already_shared":false,"jetpack_social_options":{"image_generator_settings":{"template":"highway","default_image_id":0,"font":"","enabled":false},"version":2}},"categories":[20],"tags":[],"class_list":["post-48071","post","type-post","status-publish","format-standard","has-post-thumbnail","hentry","category-especysociales"],"aioseo_notices":[],"views":94,"jetpack_publicize_connections":[],"jetpack_featured_media_url":"https:\/\/i0.wp.com\/elterritorialweb.com.ar\/web\/wp-content\/uploads\/2023\/01\/IMG-20230117-WA0013.jpg?fit=1600%2C1600&ssl=1","jetpack_sharing_enabled":true,"_links":{"self":[{"href":"https:\/\/elterritorialweb.com.ar\/web\/wp-json\/wp\/v2\/posts\/48071","targetHints":{"allow":["GET"]}}],"collection":[{"href":"https:\/\/elterritorialweb.com.ar\/web\/wp-json\/wp\/v2\/posts"}],"about":[{"href":"https:\/\/elterritorialweb.com.ar\/web\/wp-json\/wp\/v2\/types\/post"}],"author":[{"embeddable":true,"href":"https:\/\/elterritorialweb.com.ar\/web\/wp-json\/wp\/v2\/users\/2"}],"replies":[{"embeddable":true,"href":"https:\/\/elterritorialweb.com.ar\/web\/wp-json\/wp\/v2\/comments?post=48071"}],"version-history":[{"count":1,"href":"https:\/\/elterritorialweb.com.ar\/web\/wp-json\/wp\/v2\/posts\/48071\/revisions"}],"predecessor-version":[{"id":48073,"href":"https:\/\/elterritorialweb.com.ar\/web\/wp-json\/wp\/v2\/posts\/48071\/revisions\/48073"}],"wp:featuredmedia":[{"embeddable":true,"href":"https:\/\/elterritorialweb.com.ar\/web\/wp-json\/wp\/v2\/media\/48072"}],"wp:attachment":[{"href":"https:\/\/elterritorialweb.com.ar\/web\/wp-json\/wp\/v2\/media?parent=48071"}],"wp:term":[{"taxonomy":"category","embeddable":true,"href":"https:\/\/elterritorialweb.com.ar\/web\/wp-json\/wp\/v2\/categories?post=48071"},{"taxonomy":"post_tag","embeddable":true,"href":"https:\/\/elterritorialweb.com.ar\/web\/wp-json\/wp\/v2\/tags?post=48071"}],"curies":[{"name":"wp","href":"https:\/\/api.w.org\/{rel}","templated":true}]}}