{"id":48074,"date":"2023-01-18T02:11:10","date_gmt":"2023-01-18T02:11:10","guid":{"rendered":"http:\/\/elterritorialweb.com.ar\/web\/?p=48074"},"modified":"2023-01-18T04:25:54","modified_gmt":"2023-01-18T04:25:54","slug":"maki-rojas-presenta-su-primer-video-clip-me-vas-a-extranar","status":"publish","type":"post","link":"https:\/\/elterritorialweb.com.ar\/web\/maki-rojas-presenta-su-primer-video-clip-me-vas-a-extranar\/","title":{"rendered":"MAKI ROJAS PRESENTA SU PRIMER VIDEO CLIP \u00abME VAS A EXTRA\u00d1AR\u00bb"},"content":{"rendered":"\n<p>Dicho estreno lo realiz\u00f3 en un bar de la Ciudad Capital, donde estuvieron presentes amigos, familiares y colegas. Dicho lugar es por el momento los espacios donde trabaja sus shows de cumbia, tanto en Santiago como en Termas de R\u00edo Hondo.<\/p>\n\n\n\n<p>Su amor por el arte la llev\u00f3 a estudiar y recibirse de profesora de danzas (E.S.P.E.A N\u00b0 1 \u201cNicol\u00e1s Segundo G\u00e9nero\u201d), pero hace muchos a\u00f1os que la m\u00fasica como sonido la pr\u00e1ctica con diversas clases, y ahora en los escenarios.<\/p>\n\n\n\n<p>Tuvo la oportunidad de estar presente en septiembre pasado en los festejos por el Aniversario de la Ciudad de La Banda, en abril tambi\u00e9n form\u00f3 parte de la obra \u201cLos Magn\u00edficos del Humor\u201d en el Teatro 25 de Mayo junto a humoristas como Pochi Ch\u00e1vez, Carlos Cianferoni, Capuch\u00f3n Gonz\u00e1lez y los cantantes Dar\u00edo Jimenez y Hugo More.<\/p>\n\n\n\n<p>Asimismo fue convocada desde el programa \u201cSuena Cultura\u201d por subsecretar\u00eda de Cultura de la provincia en articulaci\u00f3n con la asociaci\u00f3n m\u00fasica de mujeres, para grabar su primer material discogr\u00e1fico, que parte ya est\u00e1 publicado en su cuenta de YouTube .<\/p>\n\n\n\n<figure class=\"wp-block-embed is-type-video is-provider-youtube wp-block-embed-youtube wp-embed-aspect-16-9 wp-has-aspect-ratio\"><div class=\"wp-block-embed__wrapper\">\n<iframe title=\"Maki Rojas- Me vas a extra\u00f1ar\" width=\"640\" height=\"360\" data-src=\"https:\/\/www.youtube.com\/embed\/qAyfw3XL_tM?feature=oembed\" frameborder=\"0\" allow=\"accelerometer; autoplay; clipboard-write; encrypted-media; gyroscope; picture-in-picture; web-share\" referrerpolicy=\"strict-origin-when-cross-origin\" allowfullscreen src=\"data:image\/svg+xml;base64,PHN2ZyB3aWR0aD0iMSIgaGVpZ2h0PSIxIiB4bWxucz0iaHR0cDovL3d3dy53My5vcmcvMjAwMC9zdmciPjwvc3ZnPg==\" class=\"lazyload\" data-load-mode=\"1\"><\/iframe>\n<\/div><\/figure>\n","protected":false},"excerpt":{"rendered":"<p>El lunes 9 de enero hizo la presentaci\u00f3n oficial de su primer videoclip, la cantante bande\u00f1a Maki Rojas. La canci\u00f3n elegida para esta inauguraci\u00f3n musical fue \u201cMe vas a extra\u00f1ar\u201d, que populariz\u00f3 en el 2018 Viru Kumbieron.<\/p>\n","protected":false},"author":2,"featured_media":48075,"comment_status":"open","ping_status":"open","sticky":false,"template":"","format":"standard","meta":{"om_disable_all_campaigns":false,"_monsterinsights_skip_tracking":false,"_monsterinsights_sitenote_active":false,"_monsterinsights_sitenote_note":"","_monsterinsights_sitenote_category":0,"_uf_show_specific_survey":0,"_uf_disable_surveys":false,"jetpack_post_was_ever_published":false,"_jetpack_newsletter_access":"","_jetpack_dont_email_post_to_subs":false,"_jetpack_newsletter_tier_id":0,"_jetpack_memberships_contains_paywalled_content":false,"_jetpack_memberships_contains_paid_content":false,"footnotes":"","jetpack_publicize_message":"","jetpack_publicize_feature_enabled":true,"jetpack_social_post_already_shared":false,"jetpack_social_options":{"image_generator_settings":{"template":"highway","default_image_id":0,"font":"","enabled":false},"version":2}},"categories":[20],"tags":[],"class_list":["post-48074","post","type-post","status-publish","format-standard","has-post-thumbnail","hentry","category-especysociales"],"aioseo_notices":[],"views":26,"jetpack_publicize_connections":[],"jetpack_featured_media_url":"https:\/\/i0.wp.com\/elterritorialweb.com.ar\/web\/wp-content\/uploads\/2023\/01\/IMG-20230117-WA0014-e1674007816948.jpg?fit=853%2C841&ssl=1","jetpack_sharing_enabled":true,"_links":{"self":[{"href":"https:\/\/elterritorialweb.com.ar\/web\/wp-json\/wp\/v2\/posts\/48074","targetHints":{"allow":["GET"]}}],"collection":[{"href":"https:\/\/elterritorialweb.com.ar\/web\/wp-json\/wp\/v2\/posts"}],"about":[{"href":"https:\/\/elterritorialweb.com.ar\/web\/wp-json\/wp\/v2\/types\/post"}],"author":[{"embeddable":true,"href":"https:\/\/elterritorialweb.com.ar\/web\/wp-json\/wp\/v2\/users\/2"}],"replies":[{"embeddable":true,"href":"https:\/\/elterritorialweb.com.ar\/web\/wp-json\/wp\/v2\/comments?post=48074"}],"version-history":[{"count":2,"href":"https:\/\/elterritorialweb.com.ar\/web\/wp-json\/wp\/v2\/posts\/48074\/revisions"}],"predecessor-version":[{"id":48078,"href":"https:\/\/elterritorialweb.com.ar\/web\/wp-json\/wp\/v2\/posts\/48074\/revisions\/48078"}],"wp:featuredmedia":[{"embeddable":true,"href":"https:\/\/elterritorialweb.com.ar\/web\/wp-json\/wp\/v2\/media\/48075"}],"wp:attachment":[{"href":"https:\/\/elterritorialweb.com.ar\/web\/wp-json\/wp\/v2\/media?parent=48074"}],"wp:term":[{"taxonomy":"category","embeddable":true,"href":"https:\/\/elterritorialweb.com.ar\/web\/wp-json\/wp\/v2\/categories?post=48074"},{"taxonomy":"post_tag","embeddable":true,"href":"https:\/\/elterritorialweb.com.ar\/web\/wp-json\/wp\/v2\/tags?post=48074"}],"curies":[{"name":"wp","href":"https:\/\/api.w.org\/{rel}","templated":true}]}}