{"id":48081,"date":"2023-01-18T05:16:24","date_gmt":"2023-01-18T05:16:24","guid":{"rendered":"http:\/\/elterritorialweb.com.ar\/web\/?p=48081"},"modified":"2023-01-18T05:17:58","modified_gmt":"2023-01-18T05:17:58","slug":"river-goleo-a-vasco-da-gama-y-cerro-su-gira-por-estados-unidos","status":"publish","type":"post","link":"https:\/\/elterritorialweb.com.ar\/web\/river-goleo-a-vasco-da-gama-y-cerro-su-gira-por-estados-unidos\/","title":{"rendered":"RIVER GOLE\u00d3 A VASCO DA GAMA Y CERR\u00d3 SU GIRA POR ESTADOS UNIDOS"},"content":{"rendered":"\n<p><strong>River Plate venci\u00f3 3-0 a Vasco da Gama<\/strong>&nbsp;en Orlando, en el cierre de su pretemporada en Estados Unidos. El equipo millonario, dirigido por Mart\u00edn Demichelis, sum\u00f3 as\u00ed su tercer triunfo frente al equipo recientemente retornado a la primera divisi\u00f3n de Brasil, luego de haber vencido a Monterrey de M\u00e9xico y Millonarios de Colombia.<\/p>\n\n\n\n<p>River concluy\u00f3 de la mejor manera su preparaci\u00f3n con vistas al estreno por la Liga Profesional de F\u00fatbol, que ser\u00e1 el pr\u00f3ximo 28 de enero frente a Central C\u00f3rdoba de Santiago del Estero, de visitante.<\/p>\n\n\n\n<figure class=\"wp-block-image size-full\"><a href=\"https:\/\/i0.wp.com\/elterritorialweb.com.ar\/web\/wp-content\/uploads\/2023\/01\/FmuBK7mXEAIIkJf.jpeg\"><img data-recalc-dims=\"1\" decoding=\"async\" width=\"640\" height=\"490\" data-src=\"https:\/\/i0.wp.com\/elterritorialweb.com.ar\/web\/wp-content\/uploads\/2023\/01\/FmuBK7mXEAIIkJf.jpeg?resize=640%2C490\" alt=\"\" class=\"wp-image-48082 lazyload\" data-srcset=\"https:\/\/i0.wp.com\/elterritorialweb.com.ar\/web\/wp-content\/uploads\/2023\/01\/FmuBK7mXEAIIkJf.jpeg?w=680&amp;ssl=1 680w, https:\/\/i0.wp.com\/elterritorialweb.com.ar\/web\/wp-content\/uploads\/2023\/01\/FmuBK7mXEAIIkJf.jpeg?resize=300%2C230&amp;ssl=1 300w\" data-sizes=\"(max-width: 640px) 100vw, 640px\" src=\"data:image\/svg+xml;base64,PHN2ZyB3aWR0aD0iMSIgaGVpZ2h0PSIxIiB4bWxucz0iaHR0cDovL3d3dy53My5vcmcvMjAwMC9zdmciPjwvc3ZnPg==\" style=\"--smush-placeholder-width: 640px; --smush-placeholder-aspect-ratio: 640\/490;\" \/><\/a><\/figure>\n\n\n\n<p>La apertura del marcador lleg\u00f3 a los 22 minutos del primer tiempo, luego de que el defensor&nbsp;<strong>Emanuel Mammana<\/strong>&nbsp;conectara de cabeza un centro que fue ejecutado de manera magistral por Nacho Fern\u00e1ndez desde el sector derecho.<\/p>\n\n\n\n<p>El 2-0 se produjo a los 44&#8242;, luego de una serie de toques en la puerta del \u00e1rea. Nacho Fern\u00e1ndez abri\u00f3 a la derecha para Pablo Solari, que lleg\u00f3 hasta el fondo y sac\u00f3 un centro para&nbsp;<strong>Miguel Borja<\/strong>. El colombiano solo tuvo que empujarla adentro del arco.<\/p>\n\n\n\n<figure class=\"wp-block-image size-full\"><a href=\"https:\/\/i0.wp.com\/elterritorialweb.com.ar\/web\/wp-content\/uploads\/2023\/01\/FmtznpbXoAANxHC.jpeg\"><img data-recalc-dims=\"1\" decoding=\"async\" width=\"622\" height=\"680\" data-src=\"https:\/\/i0.wp.com\/elterritorialweb.com.ar\/web\/wp-content\/uploads\/2023\/01\/FmtznpbXoAANxHC.jpeg?resize=622%2C680\" alt=\"\" class=\"wp-image-48084 lazyload\" data-srcset=\"https:\/\/i0.wp.com\/elterritorialweb.com.ar\/web\/wp-content\/uploads\/2023\/01\/FmtznpbXoAANxHC.jpeg?w=622&amp;ssl=1 622w, https:\/\/i0.wp.com\/elterritorialweb.com.ar\/web\/wp-content\/uploads\/2023\/01\/FmtznpbXoAANxHC.jpeg?resize=274%2C300&amp;ssl=1 274w\" data-sizes=\"(max-width: 622px) 100vw, 622px\" src=\"data:image\/svg+xml;base64,PHN2ZyB3aWR0aD0iMSIgaGVpZ2h0PSIxIiB4bWxucz0iaHR0cDovL3d3dy53My5vcmcvMjAwMC9zdmciPjwvc3ZnPg==\" style=\"--smush-placeholder-width: 622px; --smush-placeholder-aspect-ratio: 622\/680;\" \/><\/a><\/figure>\n\n\n\n<p>El tercer y \u00faltimo tanto lleg\u00f3 por intermedio de&nbsp;<strong>Lucas Beltr\u00e1n<\/strong>, al minuto 87&#8242;. El delantero recibi\u00f3 una pelota en el \u00e1rea y defini\u00f3 de derecha al primer palo, bien abajo, inalcanzable para el arquero Alexander.<\/p>\n\n\n\n<h3 class=\"wp-block-heading\">LOS GOLES DEL PARTIDO <\/h3>\n\n\n\n<figure class=\"wp-block-embed is-type-rich is-provider-twitter wp-block-embed-twitter\"><div class=\"wp-block-embed__wrapper\">\n<div class=\"embed-twitter\"><blockquote class=\"twitter-tweet\" data-width=\"550\" data-dnt=\"true\"><p lang=\"es\" dir=\"ltr\">\ud83c\udfaf De la zurda de Nacho para la cabeza de Emanuel Mammana y el 1-0 parcial del Millonario ante Vasco da Gama \ud83d\udca5<a href=\"https:\/\/t.co\/vGCcn57NIP\">pic.twitter.com\/vGCcn57NIP<\/a><\/p>&mdash; River Plate (@RiverPlate) <a href=\"https:\/\/twitter.com\/RiverPlate\/status\/1615516418153349122?ref_src=twsrc%5Etfw\">January 18, 2023<\/a><\/blockquote><script async src=\"https:\/\/platform.twitter.com\/widgets.js\" charset=\"utf-8\"><\/script><\/div>\n<\/div><\/figure>\n\n\n\n<figure class=\"wp-block-embed is-type-rich is-provider-twitter wp-block-embed-twitter\"><div class=\"wp-block-embed__wrapper\">\n<div class=\"embed-twitter\"><blockquote class=\"twitter-tweet\" data-width=\"550\" data-dnt=\"true\"><p lang=\"es\" dir=\"ltr\">\ud83d\udc5f\u2728 A puro toque entre Solari, Aliendro y Nacho, a puro gol con <a href=\"https:\/\/twitter.com\/MiguelABorja9?ref_src=twsrc%5Etfw\">@MiguelABorja9<\/a> \ud83d\udd25<a href=\"https:\/\/t.co\/7r3NDfqxHK\">pic.twitter.com\/7r3NDfqxHK<\/a><\/p>&mdash; River Plate (@RiverPlate) <a href=\"https:\/\/twitter.com\/RiverPlate\/status\/1615521742528585734?ref_src=twsrc%5Etfw\">January 18, 2023<\/a><\/blockquote><script async src=\"https:\/\/platform.twitter.com\/widgets.js\" charset=\"utf-8\"><\/script><\/div>\n<\/div><\/figure>\n\n\n\n<figure class=\"wp-block-embed is-type-rich is-provider-twitter wp-block-embed-twitter\"><div class=\"wp-block-embed__wrapper\">\n<div class=\"embed-twitter\"><blockquote class=\"twitter-tweet\" data-width=\"550\" data-dnt=\"true\"><p lang=\"es\" dir=\"ltr\">\ud83c\udfa5 Lucas Beltr\u00e1n, ajustado y contra el palo para el 3-0 definitivo en Orlando \ud83d\udc5f\u26bd\ufe0f<a href=\"https:\/\/t.co\/T2SEDCSF5i\">pic.twitter.com\/T2SEDCSF5i<\/a><\/p>&mdash; River Plate (@RiverPlate) <a href=\"https:\/\/twitter.com\/RiverPlate\/status\/1615541482324213761?ref_src=twsrc%5Etfw\">January 18, 2023<\/a><\/blockquote><script async src=\"https:\/\/platform.twitter.com\/widgets.js\" charset=\"utf-8\"><\/script><\/div>\n<\/div><\/figure>\n","protected":false},"excerpt":{"rendered":"<p>El equipo de Demichelis ven\u00eda de vencer a Monterrey de M\u00e9xico y Millonarios de Colombia, y llega de la mejor forma al debut frente a Central C\u00f3rdoba de Santiago del Estero por la Liga Profesional.<\/p>\n","protected":false},"author":2,"featured_media":48083,"comment_status":"open","ping_status":"open","sticky":false,"template":"","format":"standard","meta":{"om_disable_all_campaigns":false,"_monsterinsights_skip_tracking":false,"_monsterinsights_sitenote_active":false,"_monsterinsights_sitenote_note":"","_monsterinsights_sitenote_category":0,"_uf_show_specific_survey":0,"_uf_disable_surveys":false,"jetpack_post_was_ever_published":false,"_jetpack_newsletter_access":"","_jetpack_dont_email_post_to_subs":false,"_jetpack_newsletter_tier_id":0,"_jetpack_memberships_contains_paywalled_content":false,"_jetpack_memberships_contains_paid_content":false,"footnotes":"","jetpack_publicize_message":"","jetpack_publicize_feature_enabled":true,"jetpack_social_post_already_shared":false,"jetpack_social_options":{"image_generator_settings":{"template":"highway","default_image_id":0,"font":"","enabled":false},"version":2}},"categories":[6,4],"tags":[],"class_list":["post-48081","post","type-post","status-publish","format-standard","has-post-thumbnail","hentry","category-deportes","category-destacadas"],"aioseo_notices":[],"views":11,"jetpack_publicize_connections":[],"jetpack_featured_media_url":"https:\/\/i0.wp.com\/elterritorialweb.com.ar\/web\/wp-content\/uploads\/2023\/01\/FmuMVorXgAM85Ry.jpeg?fit=1697%2C1630&ssl=1","jetpack_sharing_enabled":true,"_links":{"self":[{"href":"https:\/\/elterritorialweb.com.ar\/web\/wp-json\/wp\/v2\/posts\/48081","targetHints":{"allow":["GET"]}}],"collection":[{"href":"https:\/\/elterritorialweb.com.ar\/web\/wp-json\/wp\/v2\/posts"}],"about":[{"href":"https:\/\/elterritorialweb.com.ar\/web\/wp-json\/wp\/v2\/types\/post"}],"author":[{"embeddable":true,"href":"https:\/\/elterritorialweb.com.ar\/web\/wp-json\/wp\/v2\/users\/2"}],"replies":[{"embeddable":true,"href":"https:\/\/elterritorialweb.com.ar\/web\/wp-json\/wp\/v2\/comments?post=48081"}],"version-history":[{"count":2,"href":"https:\/\/elterritorialweb.com.ar\/web\/wp-json\/wp\/v2\/posts\/48081\/revisions"}],"predecessor-version":[{"id":48086,"href":"https:\/\/elterritorialweb.com.ar\/web\/wp-json\/wp\/v2\/posts\/48081\/revisions\/48086"}],"wp:featuredmedia":[{"embeddable":true,"href":"https:\/\/elterritorialweb.com.ar\/web\/wp-json\/wp\/v2\/media\/48083"}],"wp:attachment":[{"href":"https:\/\/elterritorialweb.com.ar\/web\/wp-json\/wp\/v2\/media?parent=48081"}],"wp:term":[{"taxonomy":"category","embeddable":true,"href":"https:\/\/elterritorialweb.com.ar\/web\/wp-json\/wp\/v2\/categories?post=48081"},{"taxonomy":"post_tag","embeddable":true,"href":"https:\/\/elterritorialweb.com.ar\/web\/wp-json\/wp\/v2\/tags?post=48081"}],"curies":[{"name":"wp","href":"https:\/\/api.w.org\/{rel}","templated":true}]}}