{"id":48095,"date":"2023-01-18T14:25:04","date_gmt":"2023-01-18T14:25:04","guid":{"rendered":"http:\/\/elterritorialweb.com.ar\/web\/?p=48095"},"modified":"2023-01-18T15:13:06","modified_gmt":"2023-01-18T15:13:06","slug":"48095-2","status":"publish","type":"post","link":"https:\/\/elterritorialweb.com.ar\/web\/48095-2\/","title":{"rendered":"EL GOBIERNO ANUNCI\u00d3 LA RECOMPRA DE U$S 1.000 MILLONES DE DEUDA EXTERNA"},"content":{"rendered":"\n<p>El ministro de Econom\u00eda,&nbsp;<strong>Sergio Massa, anunci\u00f3 la recompra por parte del Gobierno de u$s1.000 millones de deuda externa<\/strong>. El proceso va a estar centrado en los bonos de vencimiento m\u00e1s corto.<\/p>\n\n\n\n<p>El anuncio, que fue grabado el martes por la noche, se difundi\u00f3 minutos antes de la apertura de los mercados. Hay gran expectativa por ver como impactar\u00e1 en momentos de gran volatilidad del d\u00f3lar blue, que marca r\u00e9cord todos los d\u00edas y opera en $378.<\/p>\n\n\n\n<figure class=\"wp-block-embed is-type-video is-provider-youtube wp-block-embed-youtube wp-embed-aspect-16-9 wp-has-aspect-ratio\"><div class=\"wp-block-embed__wrapper\">\n<iframe title=\"Anuncio del Ministro de Econom\u00eda Sergio Massa\" width=\"640\" height=\"360\" data-src=\"https:\/\/www.youtube.com\/embed\/gfmROiYn9Uk?feature=oembed\" frameborder=\"0\" allow=\"accelerometer; autoplay; clipboard-write; encrypted-media; gyroscope; picture-in-picture; web-share\" referrerpolicy=\"strict-origin-when-cross-origin\" allowfullscreen src=\"data:image\/svg+xml;base64,PHN2ZyB3aWR0aD0iMSIgaGVpZ2h0PSIxIiB4bWxucz0iaHR0cDovL3d3dy53My5vcmcvMjAwMC9zdmciPjwvc3ZnPg==\" class=\"lazyload\" data-load-mode=\"1\"><\/iframe>\n<\/div><\/figure>\n\n\n\n<p><strong>\u00abLos n\u00fameros del 2022 nos permitieron cerrar con cumplimiento y sobrecumplimiento de algunas de las metas,<\/strong>&nbsp;tanto en el caso fiscal como en el caso de acumulaci\u00f3n de reservas\u00bb, destac\u00f3 Massa. Se\u00f1al\u00f3 que tambi\u00e9n se modificaron algunas proyecciones para 2023, como por ejemplo \u00ablos menores niveles de importaciones de energ\u00eda que va a tener que realizar la Argentina\u00bb.<\/p>\n\n\n\n<p>\u00abEn el \u00faltimo tramo de 2022 hicimos un trabajo muy fuerte que vino acompa\u00f1ado de una mejora en el perfil de vencimientos de la curva en pesos de la Argentina. En paralelo vimos una ca\u00edda de 1000 puntos, o un poco m\u00e1s, del riesgo pa\u00eds, y eso significa una ventana de oportunidad\u00bb, agreg\u00f3 el ministro de Econom\u00eda.<\/p>\n\n\n\n<p>\u00abPor eso hemos tomado la decisi\u00f3n de llevar adelante&nbsp;<strong>un proceso de recompra de la deuda externa argentina por m\u00e1s de u$s1.000 millones<\/strong>&nbsp;que empieza en el d\u00eda de hoy\u00bb, anunci\u00f3. La operaci\u00f3n estar\u00e1 a cargo del Banco Central de la Rep\u00fablica Argentina (BCRA), que la realizar\u00e1 en nombre del Tesoro.<\/p>\n\n\n\n<p>Massa destac\u00f3 que el objetivo es \u00abseguir mejorando el perfil de deuda externa de la Argentina\u00bb y \u00abseguir bajando lo que se denomina riesgo pa\u00eds, que de alguna manera&nbsp;<strong>mejora las posibilidades de las empresas argentinas y del Estado argentino de acceder al mercado de capitales\u00bb.<\/strong><\/p>\n\n\n\n<p>Agreg\u00f3 que se trata de un \u00abprimer paso\u00bb que estar\u00e1 enfocado en los bonos globales de corto vencimiento, como los de 2029 y 2030. \u00abEntendemos que ah\u00ed es donde tenemos que atacar para la mejor administraci\u00f3n de la deuda, el perfil de deuda y el perfil de vencimientos de la Argentina\u00bb, sostuvo.<\/p>\n\n\n\n<p>El ministro adelant\u00f3 que&nbsp;<strong>\u00abseguramente en los pr\u00f3ximos meses\u00bb el Gobierno lleve adelante otras medidas similares.<\/strong>&nbsp;\u00abQuiero agradecerles e invitarlos a todos a que trabajemos para que la mejora en el perfil de la deuda nos permita a todos devolver a la Argentina a un lugar de participaci\u00f3n en el mercado de capitales\u00bb, concluy\u00f3.<\/p>\n","protected":false},"excerpt":{"rendered":"<p>Lo anunci\u00f3 el ministro de Econom\u00eda, Sergio Massa, antes de la apertura de los mercados. El proceso va a estar centrado en los bonos de vencimiento m\u00e1s corto.<\/p>\n","protected":false},"author":2,"featured_media":48109,"comment_status":"open","ping_status":"open","sticky":false,"template":"","format":"standard","meta":{"om_disable_all_campaigns":false,"_monsterinsights_skip_tracking":false,"_monsterinsights_sitenote_active":false,"_monsterinsights_sitenote_note":"","_monsterinsights_sitenote_category":0,"_uf_show_specific_survey":0,"_uf_disable_surveys":false,"jetpack_post_was_ever_published":false,"_jetpack_newsletter_access":"","_jetpack_dont_email_post_to_subs":false,"_jetpack_newsletter_tier_id":0,"_jetpack_memberships_contains_paywalled_content":false,"_jetpack_memberships_contains_paid_content":false,"footnotes":"","jetpack_publicize_message":"","jetpack_publicize_feature_enabled":true,"jetpack_social_post_already_shared":false,"jetpack_social_options":{"image_generator_settings":{"template":"highway","default_image_id":0,"font":"","enabled":false},"version":2}},"categories":[4,2],"tags":[],"class_list":["post-48095","post","type-post","status-publish","format-standard","has-post-thumbnail","hentry","category-destacadas","category-economia"],"aioseo_notices":[],"views":20,"jetpack_publicize_connections":[],"jetpack_featured_media_url":"https:\/\/i0.wp.com\/elterritorialweb.com.ar\/web\/wp-content\/uploads\/2023\/01\/FmwedDTX0AE5bpS-1.jpeg?fit=2048%2C1365&ssl=1","jetpack_sharing_enabled":true,"_links":{"self":[{"href":"https:\/\/elterritorialweb.com.ar\/web\/wp-json\/wp\/v2\/posts\/48095","targetHints":{"allow":["GET"]}}],"collection":[{"href":"https:\/\/elterritorialweb.com.ar\/web\/wp-json\/wp\/v2\/posts"}],"about":[{"href":"https:\/\/elterritorialweb.com.ar\/web\/wp-json\/wp\/v2\/types\/post"}],"author":[{"embeddable":true,"href":"https:\/\/elterritorialweb.com.ar\/web\/wp-json\/wp\/v2\/users\/2"}],"replies":[{"embeddable":true,"href":"https:\/\/elterritorialweb.com.ar\/web\/wp-json\/wp\/v2\/comments?post=48095"}],"version-history":[{"count":6,"href":"https:\/\/elterritorialweb.com.ar\/web\/wp-json\/wp\/v2\/posts\/48095\/revisions"}],"predecessor-version":[{"id":48110,"href":"https:\/\/elterritorialweb.com.ar\/web\/wp-json\/wp\/v2\/posts\/48095\/revisions\/48110"}],"wp:featuredmedia":[{"embeddable":true,"href":"https:\/\/elterritorialweb.com.ar\/web\/wp-json\/wp\/v2\/media\/48109"}],"wp:attachment":[{"href":"https:\/\/elterritorialweb.com.ar\/web\/wp-json\/wp\/v2\/media?parent=48095"}],"wp:term":[{"taxonomy":"category","embeddable":true,"href":"https:\/\/elterritorialweb.com.ar\/web\/wp-json\/wp\/v2\/categories?post=48095"},{"taxonomy":"post_tag","embeddable":true,"href":"https:\/\/elterritorialweb.com.ar\/web\/wp-json\/wp\/v2\/tags?post=48095"}],"curies":[{"name":"wp","href":"https:\/\/api.w.org\/{rel}","templated":true}]}}