{"id":48124,"date":"2023-01-18T22:21:26","date_gmt":"2023-01-18T22:21:26","guid":{"rendered":"http:\/\/elterritorialweb.com.ar\/web\/?p=48124"},"modified":"2023-01-18T22:21:27","modified_gmt":"2023-01-18T22:21:27","slug":"la-comuna-bandena-lanzo-la-primera-edicion-de-la-radio-abierta-atencion-ciudadana","status":"publish","type":"post","link":"https:\/\/elterritorialweb.com.ar\/web\/la-comuna-bandena-lanzo-la-primera-edicion-de-la-radio-abierta-atencion-ciudadana\/","title":{"rendered":"LA COMUNA BANDE\u00d1A LANZ\u00d3 LA PRIMERA EDICI\u00d3N DE LA RADIO ABIERTA \u00abATENCI\u00d3N CIUDADANA\u00bb"},"content":{"rendered":"\n<p>En este sentido, dicha actividad realizada desde la Secretar\u00eda de Comunicaci\u00f3n, a cargo de Fernanda Raschi, comenz\u00f3 a las 9, con la locuci\u00f3n de Julio D\u00edaz, Juan Loto y Doris Navarro, se pudo disfrutar de m\u00fasica, sorteos y diversi\u00f3n el microcentro de la Ciudad.<br>Por su parte, el jefe comunal, Roger Nediani dijo: \u201cQuisimos llevar a cabo este proyecto denominado &#8216;Atenci\u00f3n Ciudadana&#8217; que consiste en esta radio abierta, con el fin de orientar a los vecinos que desconocen o que no tienen tiempo de llegar al municipio, por eso esta idea de llevar la comuna a la calle, estar cerca de la gente y poder transmitir nuestro acompa\u00f1amiento, fortaleciendo el v\u00ednculo cada vez m\u00e1s\u00bb.<br>Asimismo, la coordinadora de la Oficina de Informaci\u00f3n Ciudadana, Karina N\u00fa\u00f1ez explic\u00f3 que el objetivo de la actividad es \u00abbrindar asesoramiento e informaci\u00f3n de todas las actividades que el municipio realiza; responder inquietudes, consultas y orientar en pedidos que los vecinos que circulan por el lugar quieran hacer\u00bb. As\u00ed tambi\u00e9n, anticip\u00f3 que esta actividad tendr\u00e1 continuidad a lo largo de las semanas.<br>Por su parte, el coordinador de la Secretar\u00eda de Comunicaci\u00f3n, Exequiel Ferlanto expres\u00f3: \u00abCon esta actividad organizada desde la Secretar\u00eda de Comunicaci\u00f3n, buscamos impulsar la premisa del intendente Roger Nediani, de un municipio a puertas abiertas, logrando el contacto directo con el vecino, brindando informaci\u00f3n de las distintas actividades que realizan las diferentes \u00e1reas, orientando a los vecinos de una manera amena, para que todo aquel que quiera o necesite pueda acercarse y consultar\u00bb.<br>Asimismo, en dicha actividad se realiz\u00f3 \u201cmicr\u00f3fono abierto\u201d, para aquellos que deseaban mostrar su arte, entre ellos estuvo el artista Danny Daniel, quien se sum\u00f3 con su canto.<\/p>\n","protected":false},"excerpt":{"rendered":"<p>Por iniciativa del intendente Roger Nediani, la municipalidad de la Ciudad de La Banda, a trav\u00e9s de la Oficina de Informaci\u00f3n Ciudadana, coordinada por Karina Nu\u00f1ez y el Cine Teatro Renzi, el director Alejandro Jozami, llevaron a cabo una radio abierta con vecinos denominada \u201cAtenci\u00f3n Ciudadana\u201d en inmediaciones del Mercado Uni\u00f3n, en la semipeatonal Alem.<\/p>\n","protected":false},"author":2,"featured_media":48125,"comment_status":"open","ping_status":"open","sticky":false,"template":"","format":"standard","meta":{"om_disable_all_campaigns":false,"_monsterinsights_skip_tracking":false,"_monsterinsights_sitenote_active":false,"_monsterinsights_sitenote_note":"","_monsterinsights_sitenote_category":0,"_uf_show_specific_survey":0,"_uf_disable_surveys":false,"jetpack_post_was_ever_published":false,"_jetpack_newsletter_access":"","_jetpack_dont_email_post_to_subs":false,"_jetpack_newsletter_tier_id":0,"_jetpack_memberships_contains_paywalled_content":false,"_jetpack_memberships_contains_paid_content":false,"footnotes":"","jetpack_publicize_message":"","jetpack_publicize_feature_enabled":true,"jetpack_social_post_already_shared":false,"jetpack_social_options":{"image_generator_settings":{"template":"highway","default_image_id":0,"font":"","enabled":false},"version":2}},"categories":[9],"tags":[],"class_list":["post-48124","post","type-post","status-publish","format-standard","has-post-thumbnail","hentry","category-banda"],"aioseo_notices":[],"views":13,"jetpack_publicize_connections":[],"jetpack_featured_media_url":"https:\/\/i0.wp.com\/elterritorialweb.com.ar\/web\/wp-content\/uploads\/2023\/01\/WhatsApp-Image-2023-01-18-at-13.49.00.jpeg?fit=1280%2C845&ssl=1","jetpack_sharing_enabled":true,"_links":{"self":[{"href":"https:\/\/elterritorialweb.com.ar\/web\/wp-json\/wp\/v2\/posts\/48124","targetHints":{"allow":["GET"]}}],"collection":[{"href":"https:\/\/elterritorialweb.com.ar\/web\/wp-json\/wp\/v2\/posts"}],"about":[{"href":"https:\/\/elterritorialweb.com.ar\/web\/wp-json\/wp\/v2\/types\/post"}],"author":[{"embeddable":true,"href":"https:\/\/elterritorialweb.com.ar\/web\/wp-json\/wp\/v2\/users\/2"}],"replies":[{"embeddable":true,"href":"https:\/\/elterritorialweb.com.ar\/web\/wp-json\/wp\/v2\/comments?post=48124"}],"version-history":[{"count":1,"href":"https:\/\/elterritorialweb.com.ar\/web\/wp-json\/wp\/v2\/posts\/48124\/revisions"}],"predecessor-version":[{"id":48126,"href":"https:\/\/elterritorialweb.com.ar\/web\/wp-json\/wp\/v2\/posts\/48124\/revisions\/48126"}],"wp:featuredmedia":[{"embeddable":true,"href":"https:\/\/elterritorialweb.com.ar\/web\/wp-json\/wp\/v2\/media\/48125"}],"wp:attachment":[{"href":"https:\/\/elterritorialweb.com.ar\/web\/wp-json\/wp\/v2\/media?parent=48124"}],"wp:term":[{"taxonomy":"category","embeddable":true,"href":"https:\/\/elterritorialweb.com.ar\/web\/wp-json\/wp\/v2\/categories?post=48124"},{"taxonomy":"post_tag","embeddable":true,"href":"https:\/\/elterritorialweb.com.ar\/web\/wp-json\/wp\/v2\/tags?post=48124"}],"curies":[{"name":"wp","href":"https:\/\/api.w.org\/{rel}","templated":true}]}}