{"id":48127,"date":"2023-01-18T22:29:02","date_gmt":"2023-01-18T22:29:02","guid":{"rendered":"http:\/\/elterritorialweb.com.ar\/web\/?p=48127"},"modified":"2023-01-18T22:29:03","modified_gmt":"2023-01-18T22:29:03","slug":"el-cine-renzi-renueva-su-cartelera-con-la-pelicula-megan","status":"publish","type":"post","link":"https:\/\/elterritorialweb.com.ar\/web\/el-cine-renzi-renueva-su-cartelera-con-la-pelicula-megan\/","title":{"rendered":"EL CINE RENZI RENUEVA SU CARTELERA CON LA PEL\u00cdCULA \u00abMEGAN\u00bb"},"content":{"rendered":"\n<p>Su sinopsis, \u201cMegan\u201d Gemma (Allison Williams), es una brillante rob\u00f3tica de una empresa de juguetes que usa inteligencia artificial para desarrollar M3GAN, una mu\u00f1eca realista programada para ser la mejor compa\u00f1era de los ni\u00f1os y la mejor aliada de los padres. Despu\u00e9s de obtener inesperadamente la custodia de su sobrina hu\u00e9rfana, Gemma solicita la ayuda del prototipo M3GAN, una decisi\u00f3n que tiene consecuencias inimaginables. Se podr\u00e1 ver en los horarios 21.30 y 23.30.<br>El estreno de la pel\u00edcula del espacio INCAA \u201cAlgo que paso en a\u00f1o nuevo\u201d su sinopsis Mar\u00eda y Manuel tienen una vida completamente mon\u00f3tona y aburrida. Ellos necesitan dinero para hacer realidad un deseo que vienen postergando. En A\u00f1o Nuevo, van a la casa quinta de la hermana de Manuel y su pareja. Su director y guionista Jorge Pinarello como as\u00ed tambi\u00e9n sus int\u00e9rpretes: Natalia Maldini, Casper Uncal, Xiomara Mart\u00ednez, Federico Aimetta, Chapi Barresi, Ren\u00e9 Manti\u00f1\u00e1n, Luc\u00eda Pocai, Agustina Fornari. Se proyectar\u00e1 en el \u00fanico horario de las 20.<br>En el \u201cGato con botas: el \u00faltimo deseo\u201d, gato se entera de que ha usado 8 de sus nueve vidas, emprende un viaje para encontrar el m\u00edstico \u201c\u00daltimo Deseo\u201d y restaurar las vidas que ha perdido con Kitty Patitas Suaves y su nuevo compa\u00f1ero Perro, un perro de terapia que estaba disfrazado de gato en la casa de Mama Luna, mientras escapa de nuevos enemigos que intentan cazarlo debido a su reputaci\u00f3n despu\u00e9s de la primera pel\u00edcula. La misma podr\u00e1 verse todos los d\u00edas en 3D en el horario 18.10<br>\u201cAvatar 2: El camino del agua\u201d, una pel\u00edcula del cine \u00e9pico, ciencia ficci\u00f3n y animaci\u00f3n estadounidense. Est\u00e1 ambientada en m\u00e1s de una d\u00e9cada despu\u00e9s de los acontecimientos de la primera pel\u00edcula, empieza contando la historia de la familia Sully (Jake, Neytiri y sus hijos), los problemas que los persiguen, lo que tienen que hacer para mantenerse a salvo, las batallas que libran para seguir con vida y las tragedias que sufren. Secuela del \u00e9xito de taquilla \u201cAvatar\u201d (2009). Ser\u00e1 proyectada en 3D a las 15.<br>Las entradas generales tienen un costo de $700 en 2D y $800 en 3D por persona y del Espacio INCAA $200. Contin\u00faa vigente la promoci\u00f3n de lunes a mi\u00e9rcoles de dos entradas por $1200 en 2D tambi\u00e9n en 3D $1400; se recuerda que la ubicaci\u00f3n del Cine Teatro Renzi es Av. Cmte. Besares N\u00b0 151<\/p>\n","protected":false},"excerpt":{"rendered":"<p>El Cine Teatro Municipal Renzi renueva su cartelera desde el jueves 19 al mi\u00e9rcoles 25 con la presentaci\u00f3n de la pel\u00edcula del g\u00e9nero de terror de ciencia ficci\u00f3n y comedia \u201cMegan\u201d dirigida por Gerard Johnstone con el guion de Akela Cooper y James Wan, quien tambi\u00e9n ejerce como productor. Est\u00e1 protagonizada por Allison Williams y Amie McDonald junto a Violet McGraw, Brian Jordan \u00c1lvarez, Jen Van Epps y Ronny Chieng, entre otros.<\/p>\n","protected":false},"author":2,"featured_media":48128,"comment_status":"open","ping_status":"open","sticky":false,"template":"","format":"standard","meta":{"om_disable_all_campaigns":false,"_monsterinsights_skip_tracking":false,"_monsterinsights_sitenote_active":false,"_monsterinsights_sitenote_note":"","_monsterinsights_sitenote_category":0,"_uf_show_specific_survey":0,"_uf_disable_surveys":false,"jetpack_post_was_ever_published":false,"_jetpack_newsletter_access":"","_jetpack_dont_email_post_to_subs":false,"_jetpack_newsletter_tier_id":0,"_jetpack_memberships_contains_paywalled_content":false,"_jetpack_memberships_contains_paid_content":false,"footnotes":"","jetpack_publicize_message":"","jetpack_publicize_feature_enabled":true,"jetpack_social_post_already_shared":false,"jetpack_social_options":{"image_generator_settings":{"template":"highway","default_image_id":0,"font":"","enabled":false},"version":2}},"categories":[9,20],"tags":[],"class_list":["post-48127","post","type-post","status-publish","format-standard","has-post-thumbnail","hentry","category-banda","category-especysociales"],"aioseo_notices":[],"views":20,"jetpack_publicize_connections":[],"jetpack_featured_media_url":"https:\/\/i0.wp.com\/elterritorialweb.com.ar\/web\/wp-content\/uploads\/2023\/01\/RENZI-RENUEVA.jpg?fit=1200%2C900&ssl=1","jetpack_sharing_enabled":true,"_links":{"self":[{"href":"https:\/\/elterritorialweb.com.ar\/web\/wp-json\/wp\/v2\/posts\/48127","targetHints":{"allow":["GET"]}}],"collection":[{"href":"https:\/\/elterritorialweb.com.ar\/web\/wp-json\/wp\/v2\/posts"}],"about":[{"href":"https:\/\/elterritorialweb.com.ar\/web\/wp-json\/wp\/v2\/types\/post"}],"author":[{"embeddable":true,"href":"https:\/\/elterritorialweb.com.ar\/web\/wp-json\/wp\/v2\/users\/2"}],"replies":[{"embeddable":true,"href":"https:\/\/elterritorialweb.com.ar\/web\/wp-json\/wp\/v2\/comments?post=48127"}],"version-history":[{"count":1,"href":"https:\/\/elterritorialweb.com.ar\/web\/wp-json\/wp\/v2\/posts\/48127\/revisions"}],"predecessor-version":[{"id":48129,"href":"https:\/\/elterritorialweb.com.ar\/web\/wp-json\/wp\/v2\/posts\/48127\/revisions\/48129"}],"wp:featuredmedia":[{"embeddable":true,"href":"https:\/\/elterritorialweb.com.ar\/web\/wp-json\/wp\/v2\/media\/48128"}],"wp:attachment":[{"href":"https:\/\/elterritorialweb.com.ar\/web\/wp-json\/wp\/v2\/media?parent=48127"}],"wp:term":[{"taxonomy":"category","embeddable":true,"href":"https:\/\/elterritorialweb.com.ar\/web\/wp-json\/wp\/v2\/categories?post=48127"},{"taxonomy":"post_tag","embeddable":true,"href":"https:\/\/elterritorialweb.com.ar\/web\/wp-json\/wp\/v2\/tags?post=48127"}],"curies":[{"name":"wp","href":"https:\/\/api.w.org\/{rel}","templated":true}]}}