{"id":48135,"date":"2023-01-19T02:30:48","date_gmt":"2023-01-19T02:30:48","guid":{"rendered":"http:\/\/elterritorialweb.com.ar\/web\/?p=48135"},"modified":"2023-01-19T02:30:49","modified_gmt":"2023-01-19T02:30:49","slug":"tercer-encuentro-nacional-de-artesanos","status":"publish","type":"post","link":"https:\/\/elterritorialweb.com.ar\/web\/tercer-encuentro-nacional-de-artesanos\/","title":{"rendered":"TERCER ENCUENTRO NACIONAL DE ARTESANOS"},"content":{"rendered":"\n<p>El Encuentro tiene por finalidad revalorizar y difundir las artesan\u00edas como parte del Patrimonio Cultural con diferentes actividades.<\/p>\n\n\n\n<p>Desde exposiciones, talleres participativos de t\u00e9cnicas artesanales, charlas, espect\u00e1culos musicales y ventas de artesan\u00edas; otro a\u00f1o m\u00e1s se podr\u00e1 disfrutar de una gran propuesta durante Semana Santa.<\/p>\n\n\n\n<p>La idea y coordinaci\u00f3n parte de la Asociaci\u00f3n de Artesanos \u00abCiudad de Santiago\u00bb y cuenta con el apoyo de la Subsecretar\u00eda de Cultura de la Ciudad Capital. Tal como sucedi\u00f3 en 2019 en el primer encuentro, se esperan trabajadores del arte de todo el pa\u00eds.<\/p>\n\n\n\n<p>Dichos interesados pueden enviar sus consultas al tel\u00e9fono: 385-5-97-86-78. Cabe recordar que la entrada es para el p\u00fablico libre y gratuita.<\/p>\n","protected":false},"excerpt":{"rendered":"<p>Del 6 al 9 de abril se realizar\u00e1 el Tercer Encuentro de Artesanos y Artesanas en el Parque Oeste, Libertad y Avenida Col\u00f3n, Ciudad Capital.<\/p>\n","protected":false},"author":2,"featured_media":48136,"comment_status":"open","ping_status":"open","sticky":false,"template":"","format":"standard","meta":{"om_disable_all_campaigns":false,"_monsterinsights_skip_tracking":false,"_monsterinsights_sitenote_active":false,"_monsterinsights_sitenote_note":"","_monsterinsights_sitenote_category":0,"_uf_show_specific_survey":0,"_uf_disable_surveys":false,"jetpack_post_was_ever_published":false,"_jetpack_newsletter_access":"","_jetpack_dont_email_post_to_subs":false,"_jetpack_newsletter_tier_id":0,"_jetpack_memberships_contains_paywalled_content":false,"_jetpack_memberships_contains_paid_content":false,"footnotes":"","jetpack_publicize_message":"","jetpack_publicize_feature_enabled":true,"jetpack_social_post_already_shared":false,"jetpack_social_options":{"image_generator_settings":{"template":"highway","default_image_id":0,"font":"","enabled":false},"version":2}},"categories":[21],"tags":[],"class_list":["post-48135","post","type-post","status-publish","format-standard","has-post-thumbnail","hentry","category-locales"],"aioseo_notices":[],"views":15,"jetpack_publicize_connections":[],"jetpack_featured_media_url":"https:\/\/i0.wp.com\/elterritorialweb.com.ar\/web\/wp-content\/uploads\/2023\/01\/IMG-20230118-WA0001.jpg?fit=816%2C500&ssl=1","jetpack_sharing_enabled":true,"_links":{"self":[{"href":"https:\/\/elterritorialweb.com.ar\/web\/wp-json\/wp\/v2\/posts\/48135","targetHints":{"allow":["GET"]}}],"collection":[{"href":"https:\/\/elterritorialweb.com.ar\/web\/wp-json\/wp\/v2\/posts"}],"about":[{"href":"https:\/\/elterritorialweb.com.ar\/web\/wp-json\/wp\/v2\/types\/post"}],"author":[{"embeddable":true,"href":"https:\/\/elterritorialweb.com.ar\/web\/wp-json\/wp\/v2\/users\/2"}],"replies":[{"embeddable":true,"href":"https:\/\/elterritorialweb.com.ar\/web\/wp-json\/wp\/v2\/comments?post=48135"}],"version-history":[{"count":1,"href":"https:\/\/elterritorialweb.com.ar\/web\/wp-json\/wp\/v2\/posts\/48135\/revisions"}],"predecessor-version":[{"id":48137,"href":"https:\/\/elterritorialweb.com.ar\/web\/wp-json\/wp\/v2\/posts\/48135\/revisions\/48137"}],"wp:featuredmedia":[{"embeddable":true,"href":"https:\/\/elterritorialweb.com.ar\/web\/wp-json\/wp\/v2\/media\/48136"}],"wp:attachment":[{"href":"https:\/\/elterritorialweb.com.ar\/web\/wp-json\/wp\/v2\/media?parent=48135"}],"wp:term":[{"taxonomy":"category","embeddable":true,"href":"https:\/\/elterritorialweb.com.ar\/web\/wp-json\/wp\/v2\/categories?post=48135"},{"taxonomy":"post_tag","embeddable":true,"href":"https:\/\/elterritorialweb.com.ar\/web\/wp-json\/wp\/v2\/tags?post=48135"}],"curies":[{"name":"wp","href":"https:\/\/api.w.org\/{rel}","templated":true}]}}