{"id":48159,"date":"2023-01-19T21:36:37","date_gmt":"2023-01-19T21:36:37","guid":{"rendered":"http:\/\/elterritorialweb.com.ar\/web\/?p=48159"},"modified":"2023-01-19T21:43:57","modified_gmt":"2023-01-19T21:43:57","slug":"capacitan-al-personal-del-programa-santiago-es-tu-rio","status":"publish","type":"post","link":"https:\/\/elterritorialweb.com.ar\/web\/capacitan-al-personal-del-programa-santiago-es-tu-rio\/","title":{"rendered":"CAPACITAN AL PERSONAL DEL PROGRAMA \u201cSANTIAGO ES TU RIO\u201d"},"content":{"rendered":"\n<p>El Centro de Rehabilitaci\u00f3n en Adicciones Santiago del Estero (CReASE) y la Fundaci\u00f3n Nocka Munayki (Yo Te Quiero) realiz\u00f3 una capacitaci\u00f3n a todo el personal de las instituciones que colaboran en el ciclo \u201cSantiago es tu Rio\u201d, desarrollado como parte de las actividades recreativas organizadas por el programa \u201cVerano cuidado\u201d.<\/p>\n\n\n\n<p>Realizada bajo el lema \u201cConsumo de sustancias psicoactivas. Intervenciones breves\u201d, la capacitaci\u00f3n estuvo destinada a personal de Defensa Civil, Bomberos Voluntarios, Polic\u00eda Comunitaria y guardavidas, quienes cumplen diferentes cargos en las actividades programadas.<\/p>\n\n\n\n<p>La titular de la Digaia &#8211; Abordaje de Adicciones, Claudia Tarchini detall\u00f3 que la jornada se desarroll\u00f3 a partir de un acuerdo entre los ministerios de Justicia y Derecho Humanos y el de Salud, con el aporte de la Fundaci\u00f3n Nocka Munayki con sus equipos m\u00e9dicos terap\u00e9uticos.<\/p>\n\n\n\n<p>\u201cEstamos capacitando al personal de las distintas instituciones y organizaciones que intervienen en \u2018Santiago es tu Rio\u2019 durante estas vacaciones y tambi\u00e9n pensando en este \u2018verano cuidado\u2019 en las distintas comunidades, barrios y en el interior de la provincia\u201d, indic\u00f3 Tarchini al respecto.<\/p>\n\n\n\n<p>En ese sentido, indic\u00f3 que \u201ctenemos como adultos la responsabilidad para cuidarnos y cuidar a las personas que amamos, ser m\u00e1s conscientes y aprovechar este tiempo de cercan\u00edas que nos dan las vacaciones con nuestras familias y los hijos\u201d.<\/p>\n\n\n\n<p>Asimismo, a\u00f1adi\u00f3 que \u201ces una buena oportunidad para poder estar atentos a lo que realmente est\u00e1 pasando y fundamentalmente pedir ayuda cuando lo necesitamos y en este caso entregando las herramientas a los equipos que trabajan en territorio para poder intervenir en determinadas situaciones\u201d.<\/p>\n\n\n\n<p>El presidente de la Fundaci\u00f3n Nocka Munayki, Javier Manzano, expres\u00f3 por su parte que \u201cesta capacitaci\u00f3n es para el personal id\u00f3neo que est\u00e1n en el momento donde las personas recurren cuando algo sucede en las inmediaciones de la Costanera\u201d.<\/p>\n\n\n\n<p>Manzano indic\u00f3 adem\u00e1s que \u201cel objetivo es brindarles herramientas para que as\u00ed sepan qu\u00e9 hacer ante situaciones de crisis o ante determinadas emergente que puedan subir a trav\u00e9s del consumo de sustancias como es el alcohol, donde nos enfocamos en esta capacitaci\u00f3n\u201d.<\/p>\n\n\n\n<p>Finalmente explic\u00f3 que \u201cdurante este proceso de \u2018Santiago es Tu Rio\u2019, la fundaci\u00f3n va a estar acompa\u00f1ando a trav\u00e9s de sus equipos espec\u00edficos en lo que es materia de adicciones, brindando herramientas, capacitaciones y sobre todo acompa\u00f1amiento al Gobierno de la provincia\u201d.<\/p>\n","protected":false},"excerpt":{"rendered":"<p>En el marco de las actividades recreativas organizadas por el programa \u201cVerano cuidado\u201d en el ciclo \u201cSantiago es tu R\u00edo\u201d<\/p>\n","protected":false},"author":2,"featured_media":48160,"comment_status":"open","ping_status":"open","sticky":false,"template":"","format":"standard","meta":{"om_disable_all_campaigns":false,"_monsterinsights_skip_tracking":false,"_monsterinsights_sitenote_active":false,"_monsterinsights_sitenote_note":"","_monsterinsights_sitenote_category":0,"_uf_show_specific_survey":0,"_uf_disable_surveys":false,"jetpack_post_was_ever_published":false,"_jetpack_newsletter_access":"","_jetpack_dont_email_post_to_subs":false,"_jetpack_newsletter_tier_id":0,"_jetpack_memberships_contains_paywalled_content":false,"_jetpack_memberships_contains_paid_content":false,"footnotes":"","jetpack_publicize_message":"","jetpack_publicize_feature_enabled":true,"jetpack_social_post_already_shared":false,"jetpack_social_options":{"image_generator_settings":{"template":"highway","default_image_id":0,"font":"","enabled":false},"version":2}},"categories":[21],"tags":[],"class_list":["post-48159","post","type-post","status-publish","format-standard","has-post-thumbnail","hentry","category-locales"],"aioseo_notices":[],"views":9,"jetpack_publicize_connections":[],"jetpack_featured_media_url":"https:\/\/i0.wp.com\/elterritorialweb.com.ar\/web\/wp-content\/uploads\/2023\/01\/IMG-20230119-WA0039.jpg?fit=1280%2C854&ssl=1","jetpack_sharing_enabled":true,"_links":{"self":[{"href":"https:\/\/elterritorialweb.com.ar\/web\/wp-json\/wp\/v2\/posts\/48159","targetHints":{"allow":["GET"]}}],"collection":[{"href":"https:\/\/elterritorialweb.com.ar\/web\/wp-json\/wp\/v2\/posts"}],"about":[{"href":"https:\/\/elterritorialweb.com.ar\/web\/wp-json\/wp\/v2\/types\/post"}],"author":[{"embeddable":true,"href":"https:\/\/elterritorialweb.com.ar\/web\/wp-json\/wp\/v2\/users\/2"}],"replies":[{"embeddable":true,"href":"https:\/\/elterritorialweb.com.ar\/web\/wp-json\/wp\/v2\/comments?post=48159"}],"version-history":[{"count":1,"href":"https:\/\/elterritorialweb.com.ar\/web\/wp-json\/wp\/v2\/posts\/48159\/revisions"}],"predecessor-version":[{"id":48161,"href":"https:\/\/elterritorialweb.com.ar\/web\/wp-json\/wp\/v2\/posts\/48159\/revisions\/48161"}],"wp:featuredmedia":[{"embeddable":true,"href":"https:\/\/elterritorialweb.com.ar\/web\/wp-json\/wp\/v2\/media\/48160"}],"wp:attachment":[{"href":"https:\/\/elterritorialweb.com.ar\/web\/wp-json\/wp\/v2\/media?parent=48159"}],"wp:term":[{"taxonomy":"category","embeddable":true,"href":"https:\/\/elterritorialweb.com.ar\/web\/wp-json\/wp\/v2\/categories?post=48159"},{"taxonomy":"post_tag","embeddable":true,"href":"https:\/\/elterritorialweb.com.ar\/web\/wp-json\/wp\/v2\/tags?post=48159"}],"curies":[{"name":"wp","href":"https:\/\/api.w.org\/{rel}","templated":true}]}}