{"id":48162,"date":"2023-01-19T21:48:17","date_gmt":"2023-01-19T21:48:17","guid":{"rendered":"http:\/\/elterritorialweb.com.ar\/web\/?p=48162"},"modified":"2023-01-19T21:48:18","modified_gmt":"2023-01-19T21:48:18","slug":"roger-nediani-encabezo-el-lanzamiento-de-la-siesta-salamanquera","status":"publish","type":"post","link":"https:\/\/elterritorialweb.com.ar\/web\/roger-nediani-encabezo-el-lanzamiento-de-la-siesta-salamanquera\/","title":{"rendered":"ROGER NEDIANI ENCABEZ\u00d3 EL LANZAMIENTO DE LA \u00abSIESTA SALAMANQUERA\u00bb"},"content":{"rendered":"\n<p>En este sentido, el jefe comunal estuvo acompa\u00f1ado por miembros de la Comisi\u00f3n Organizadora del Festival Nacional de la Salamanca; y parte integrante de la familia Carabajal, entre ellos, Chaca, Edy, Fily y Mariela.<br>En la oportunidad, Nediani expres\u00f3: \u201c\u00c9ste es un evento que complementa lo que viene palpitando la ciudad, como el Festival Nacional de la Salamanca, el cual lo llevar\u00e1 a cabo la familia Carabajal los d\u00edas 3, 4 y 5 de febrero, en la casa de la abuela, donde adem\u00e1s de escuchar y bailar el folclore que tanto nos caracteriza, podr\u00e1n visitar el museo de aquella casa y familia, disfrutar de las comidas regionales, todo esto para que aquellos hermanos que nos visitan de otras partes, vivan nuestra cultura a pleno y sobre todo en familia\u00bb.<br>Asimismo, integrantes de la familia Carabajal, anticiparon que el evento contar\u00e1 con un escenario abierto a la participaci\u00f3n, donde el \u2018m\u00e1s aplaudido\u00b4 tendr\u00e1 la oportunidad de actuar en la \u00faltima noche del Festival Nacional de La Salamanca, y dijeron: \u201cAgradecemos al intendente Nediani quien constantemente apoya e impulsa la cultura de la ciudad. Estamos con muchas expectativas y estamos trabajando para que todos puedan disfrutar de este evento y todo lo que ofrece, como shows en vivo, comidas regionales, carnaval y mucho folclore, para todos los que disfrutan del festival, puedan llegarse a la casa de la Abuela Carabajal y vivir una salamanca a pleno\u00bb.<\/p>\n","protected":false},"excerpt":{"rendered":"<p>El intendente de la ciudad de La Banda, Roger Nediani encabez\u00f3 el lanzamiento de la tradicional \u00abSiesta Salamanquera\u201d en su 18\u00aa edici\u00f3n, que se llevar\u00e1 a cabo en la emblem\u00e1tica Casa de la Abuela Carabajal el 3, 4 y 5 de febrero.<\/p>\n","protected":false},"author":2,"featured_media":48163,"comment_status":"open","ping_status":"open","sticky":false,"template":"","format":"standard","meta":{"om_disable_all_campaigns":false,"_monsterinsights_skip_tracking":false,"_monsterinsights_sitenote_active":false,"_monsterinsights_sitenote_note":"","_monsterinsights_sitenote_category":0,"_uf_show_specific_survey":0,"_uf_disable_surveys":false,"jetpack_post_was_ever_published":false,"_jetpack_newsletter_access":"","_jetpack_dont_email_post_to_subs":false,"_jetpack_newsletter_tier_id":0,"_jetpack_memberships_contains_paywalled_content":false,"_jetpack_memberships_contains_paid_content":false,"footnotes":"","jetpack_publicize_message":"","jetpack_publicize_feature_enabled":true,"jetpack_social_post_already_shared":false,"jetpack_social_options":{"image_generator_settings":{"template":"highway","default_image_id":0,"font":"","enabled":false},"version":2}},"categories":[9,20],"tags":[],"class_list":["post-48162","post","type-post","status-publish","format-standard","has-post-thumbnail","hentry","category-banda","category-especysociales"],"aioseo_notices":[],"views":12,"jetpack_publicize_connections":[],"jetpack_featured_media_url":"https:\/\/i0.wp.com\/elterritorialweb.com.ar\/web\/wp-content\/uploads\/2023\/01\/IMG-20230119-WA0018.jpg?fit=1380%2C912&ssl=1","jetpack_sharing_enabled":true,"_links":{"self":[{"href":"https:\/\/elterritorialweb.com.ar\/web\/wp-json\/wp\/v2\/posts\/48162","targetHints":{"allow":["GET"]}}],"collection":[{"href":"https:\/\/elterritorialweb.com.ar\/web\/wp-json\/wp\/v2\/posts"}],"about":[{"href":"https:\/\/elterritorialweb.com.ar\/web\/wp-json\/wp\/v2\/types\/post"}],"author":[{"embeddable":true,"href":"https:\/\/elterritorialweb.com.ar\/web\/wp-json\/wp\/v2\/users\/2"}],"replies":[{"embeddable":true,"href":"https:\/\/elterritorialweb.com.ar\/web\/wp-json\/wp\/v2\/comments?post=48162"}],"version-history":[{"count":1,"href":"https:\/\/elterritorialweb.com.ar\/web\/wp-json\/wp\/v2\/posts\/48162\/revisions"}],"predecessor-version":[{"id":48164,"href":"https:\/\/elterritorialweb.com.ar\/web\/wp-json\/wp\/v2\/posts\/48162\/revisions\/48164"}],"wp:featuredmedia":[{"embeddable":true,"href":"https:\/\/elterritorialweb.com.ar\/web\/wp-json\/wp\/v2\/media\/48163"}],"wp:attachment":[{"href":"https:\/\/elterritorialweb.com.ar\/web\/wp-json\/wp\/v2\/media?parent=48162"}],"wp:term":[{"taxonomy":"category","embeddable":true,"href":"https:\/\/elterritorialweb.com.ar\/web\/wp-json\/wp\/v2\/categories?post=48162"},{"taxonomy":"post_tag","embeddable":true,"href":"https:\/\/elterritorialweb.com.ar\/web\/wp-json\/wp\/v2\/tags?post=48162"}],"curies":[{"name":"wp","href":"https:\/\/api.w.org\/{rel}","templated":true}]}}