{"id":48165,"date":"2023-01-19T21:58:59","date_gmt":"2023-01-19T21:58:59","guid":{"rendered":"http:\/\/elterritorialweb.com.ar\/web\/?p=48165"},"modified":"2023-01-19T21:59:00","modified_gmt":"2023-01-19T21:59:00","slug":"el-gobierno-preve-superar-este-ano-las-33-500-viviendas-sociales-entregadas-en-toda-la-provincia","status":"publish","type":"post","link":"https:\/\/elterritorialweb.com.ar\/web\/el-gobierno-preve-superar-este-ano-las-33-500-viviendas-sociales-entregadas-en-toda-la-provincia\/","title":{"rendered":"EL GOBIERNO PREV\u00c9 SUPERAR ESTE A\u00d1O LAS 33.500 VIVIENDAS SOCIALES ENTREGADAS EN TODA LA PROVINCIA"},"content":{"rendered":"\n<p>As\u00ed lo inform\u00f3 el Ministerio de Desarrollo Social, Promoci\u00f3n Humana y Relaciones Institucionales con la Comunidad, que durante el a\u00f1o 2022 entreg\u00f3 3.206 viviendas a trav\u00e9s del programa que fue lanzado durante la gesti\u00f3n de gobierno de la actual presidenta provisional del Senado, Claudia de Zamora.<br>En total, hasta el 31 de diciembre fueron beneficiadas 27.501 familias que se encontraban en condiciones de vulnerabilidad habitacional y que no cuentan con recursos para construir una hogar digno por sus propios medios.<br>Tambi\u00e9n a trav\u00e9s de este programa se erradican las viviendas rancho y precarias y se resuelven situaciones originadas por contingencias clim\u00e1ticas, tales como derrumbes por inundaciones, tormentas o vientos, y otros siniestros.<br>Las casas se construyen con presupuesto provincial y se entregan amobladas a todas las familias beneficiarias.<br>Las autoridades provinciales destacaron adem\u00e1s la participaci\u00f3n de organismos gubernamentales y no gubernamentales que ejecutan las unidades habitacionales, administrando los fondos que el Gobierno destina para llegar a todas las familias que cumplan con los requisitos.<\/p>\n","protected":false},"excerpt":{"rendered":"<p>Con la aprobaci\u00f3n del presupuesto para la construcci\u00f3n de otras 6.000 viviendas sociales durante este a\u00f1o 2.023, el Gobierno de la provincia tiene proyectado superar las 33.500 familias beneficiadas en todo el territorio santiague\u00f1o.<\/p>\n","protected":false},"author":2,"featured_media":48166,"comment_status":"open","ping_status":"open","sticky":false,"template":"","format":"standard","meta":{"om_disable_all_campaigns":false,"_monsterinsights_skip_tracking":false,"_monsterinsights_sitenote_active":false,"_monsterinsights_sitenote_note":"","_monsterinsights_sitenote_category":0,"_uf_show_specific_survey":0,"_uf_disable_surveys":false,"jetpack_post_was_ever_published":false,"_jetpack_newsletter_access":"","_jetpack_dont_email_post_to_subs":false,"_jetpack_newsletter_tier_id":0,"_jetpack_memberships_contains_paywalled_content":false,"_jetpack_memberships_contains_paid_content":false,"footnotes":"","jetpack_publicize_message":"","jetpack_publicize_feature_enabled":true,"jetpack_social_post_already_shared":false,"jetpack_social_options":{"image_generator_settings":{"template":"highway","default_image_id":0,"font":"","enabled":false},"version":2}},"categories":[21],"tags":[],"class_list":["post-48165","post","type-post","status-publish","format-standard","has-post-thumbnail","hentry","category-locales"],"aioseo_notices":[],"views":10,"jetpack_publicize_connections":[],"jetpack_featured_media_url":"https:\/\/i0.wp.com\/elterritorialweb.com.ar\/web\/wp-content\/uploads\/2023\/01\/descarga.jpeg?fit=211%2C239&ssl=1","jetpack_sharing_enabled":true,"_links":{"self":[{"href":"https:\/\/elterritorialweb.com.ar\/web\/wp-json\/wp\/v2\/posts\/48165","targetHints":{"allow":["GET"]}}],"collection":[{"href":"https:\/\/elterritorialweb.com.ar\/web\/wp-json\/wp\/v2\/posts"}],"about":[{"href":"https:\/\/elterritorialweb.com.ar\/web\/wp-json\/wp\/v2\/types\/post"}],"author":[{"embeddable":true,"href":"https:\/\/elterritorialweb.com.ar\/web\/wp-json\/wp\/v2\/users\/2"}],"replies":[{"embeddable":true,"href":"https:\/\/elterritorialweb.com.ar\/web\/wp-json\/wp\/v2\/comments?post=48165"}],"version-history":[{"count":1,"href":"https:\/\/elterritorialweb.com.ar\/web\/wp-json\/wp\/v2\/posts\/48165\/revisions"}],"predecessor-version":[{"id":48167,"href":"https:\/\/elterritorialweb.com.ar\/web\/wp-json\/wp\/v2\/posts\/48165\/revisions\/48167"}],"wp:featuredmedia":[{"embeddable":true,"href":"https:\/\/elterritorialweb.com.ar\/web\/wp-json\/wp\/v2\/media\/48166"}],"wp:attachment":[{"href":"https:\/\/elterritorialweb.com.ar\/web\/wp-json\/wp\/v2\/media?parent=48165"}],"wp:term":[{"taxonomy":"category","embeddable":true,"href":"https:\/\/elterritorialweb.com.ar\/web\/wp-json\/wp\/v2\/categories?post=48165"},{"taxonomy":"post_tag","embeddable":true,"href":"https:\/\/elterritorialweb.com.ar\/web\/wp-json\/wp\/v2\/tags?post=48165"}],"curies":[{"name":"wp","href":"https:\/\/api.w.org\/{rel}","templated":true}]}}