{"id":48168,"date":"2023-01-20T03:51:46","date_gmt":"2023-01-20T03:51:46","guid":{"rendered":"http:\/\/elterritorialweb.com.ar\/web\/?p=48168"},"modified":"2023-01-20T03:51:48","modified_gmt":"2023-01-20T03:51:48","slug":"la-capital-realiza-el-perfilado-de-calles-en-distintos-sectores-de-la-ciudad","status":"publish","type":"post","link":"https:\/\/elterritorialweb.com.ar\/web\/la-capital-realiza-el-perfilado-de-calles-en-distintos-sectores-de-la-ciudad\/","title":{"rendered":"LA CAPITAL REALIZA EL PERFILADO DE CALLES EN DISTINTOS SECTORES DE LA CIUDAD"},"content":{"rendered":"\n<p>El personal del municipio efectu\u00f3 en la zona el aporte de tierra m\u00e1s un agregado de material de base estabilizada granular, adem\u00e1s de la distribucion, riego y compactaci\u00f3n de los mismos.<br>Asimismo, se procedi\u00f3 a reparar el camino de acceso al basural municipal en Pampa Muyoj, poniendo en condiciones los sectores en mal estado que exist\u00edan y recuperado la base existente con el agregado de 240 m3 de base estabilizada granular, con riego, perfilado y compactacion.<br>Cabe recordar que estas acciones se enmarcan en el plan de mejoramiento de calzadas que se lleva adelante en toda la ciudad con el objetivo de agilizar el tr\u00e1nsito vehicular y peatonal, teniendo en cuenta que muchas de estas calles son diariamente utilizadas por una gran cantidad de vecinos.<\/p>\n","protected":false},"excerpt":{"rendered":"<p>La Direcci\u00f3n de Obras P\u00fablicas de la Municipalidad de la Capital realiz\u00f3 tareas de perfilado en el Pasaje 11, en el tramo comprendido entre las calles San Juan y Pedro Le\u00f3n Gallo, en el barrio Industria.<\/p>\n","protected":false},"author":2,"featured_media":48169,"comment_status":"open","ping_status":"open","sticky":false,"template":"","format":"standard","meta":{"om_disable_all_campaigns":false,"_monsterinsights_skip_tracking":false,"_monsterinsights_sitenote_active":false,"_monsterinsights_sitenote_note":"","_monsterinsights_sitenote_category":0,"_uf_show_specific_survey":0,"_uf_disable_surveys":false,"jetpack_post_was_ever_published":false,"_jetpack_newsletter_access":"","_jetpack_dont_email_post_to_subs":false,"_jetpack_newsletter_tier_id":0,"_jetpack_memberships_contains_paywalled_content":false,"_jetpack_memberships_contains_paid_content":false,"footnotes":"","jetpack_publicize_message":"","jetpack_publicize_feature_enabled":true,"jetpack_social_post_already_shared":false,"jetpack_social_options":{"image_generator_settings":{"template":"highway","default_image_id":0,"font":"","enabled":false},"version":2}},"categories":[21],"tags":[],"class_list":["post-48168","post","type-post","status-publish","format-standard","has-post-thumbnail","hentry","category-locales"],"aioseo_notices":[],"views":9,"jetpack_publicize_connections":[],"jetpack_featured_media_url":"https:\/\/i0.wp.com\/elterritorialweb.com.ar\/web\/wp-content\/uploads\/2023\/01\/PERFILADO.jpeg?fit=1600%2C1200&ssl=1","jetpack_sharing_enabled":true,"_links":{"self":[{"href":"https:\/\/elterritorialweb.com.ar\/web\/wp-json\/wp\/v2\/posts\/48168","targetHints":{"allow":["GET"]}}],"collection":[{"href":"https:\/\/elterritorialweb.com.ar\/web\/wp-json\/wp\/v2\/posts"}],"about":[{"href":"https:\/\/elterritorialweb.com.ar\/web\/wp-json\/wp\/v2\/types\/post"}],"author":[{"embeddable":true,"href":"https:\/\/elterritorialweb.com.ar\/web\/wp-json\/wp\/v2\/users\/2"}],"replies":[{"embeddable":true,"href":"https:\/\/elterritorialweb.com.ar\/web\/wp-json\/wp\/v2\/comments?post=48168"}],"version-history":[{"count":1,"href":"https:\/\/elterritorialweb.com.ar\/web\/wp-json\/wp\/v2\/posts\/48168\/revisions"}],"predecessor-version":[{"id":48170,"href":"https:\/\/elterritorialweb.com.ar\/web\/wp-json\/wp\/v2\/posts\/48168\/revisions\/48170"}],"wp:featuredmedia":[{"embeddable":true,"href":"https:\/\/elterritorialweb.com.ar\/web\/wp-json\/wp\/v2\/media\/48169"}],"wp:attachment":[{"href":"https:\/\/elterritorialweb.com.ar\/web\/wp-json\/wp\/v2\/media?parent=48168"}],"wp:term":[{"taxonomy":"category","embeddable":true,"href":"https:\/\/elterritorialweb.com.ar\/web\/wp-json\/wp\/v2\/categories?post=48168"},{"taxonomy":"post_tag","embeddable":true,"href":"https:\/\/elterritorialweb.com.ar\/web\/wp-json\/wp\/v2\/tags?post=48168"}],"curies":[{"name":"wp","href":"https:\/\/api.w.org\/{rel}","templated":true}]}}