{"id":48171,"date":"2023-01-20T16:11:39","date_gmt":"2023-01-20T16:11:39","guid":{"rendered":"http:\/\/elterritorialweb.com.ar\/web\/?p=48171"},"modified":"2023-01-20T17:14:42","modified_gmt":"2023-01-20T17:14:42","slug":"presentacion-oficial-de-la-delegacion-que-representara-a-santiago-en-cosquin","status":"publish","type":"post","link":"https:\/\/elterritorialweb.com.ar\/web\/presentacion-oficial-de-la-delegacion-que-representara-a-santiago-en-cosquin\/","title":{"rendered":"PRESENTACI\u00d3N OFICIAL DE LA DELEGACI\u00d3N QUE REPRESENTAR\u00c1 A SANTIAGO EN COSQU\u00cdN"},"content":{"rendered":"\n<p>La presentaci\u00f3n estuvo a&nbsp;cargo del subsecretario de Cultura de la provincia, Juan Leguizam\u00f3n, acompa\u00f1ado por Lucas Carabajal, director de la delegaci\u00f3n, e integrantes del equipo, bailarines y de Cultura de la provincia.<br>En este marco, el subsecretario de Cultura destac\u00f3 el apoyo del gobernador Gerardo Zamora a las propuestas art\u00edsticas para \u00abrevalorizar y poner en visibilidad a todos nuestros cultores\u00bb.<br>Dijo que esta oportunidad ser\u00e1 muy especial por el homenaje a Juan Carlos Carabajal y a toda su obra como aporte al folclore de Santiago, del pa\u00eds y del mundo.<br>Por su parte, Lucas Carabajal, hijo de Juan Carlos, dijo que la delegaci\u00f3n estar\u00e1 integrada por \u00ablas bandas Descendencia y Delirios de Grandeza, a los que se suma un cuerpo de danza con la direcci\u00f3n de Jorge Aguilar; una bailarina contempor\u00e1nea oriunda de Las Termas de R\u00edo Hondo, Lourdes Serrano, y para cubrir el cupo femenino, Yanina Torres, traversista, y Nataly Montes, en rap\u00bb.<br>Tambi\u00e9n forman parte Jos\u00e9 \u00abMachi\u00bb&nbsp; Kairus en puesta de escena y actuaci\u00f3n en el show art\u00edstico, audiovisual, teatral y musical que tendr\u00e1 una duraci\u00f3n de 20 minutos intensos.<\/p>\n","protected":false},"excerpt":{"rendered":"<p>En el \u00d3valo del Parque Sur de ciudad Capital la presentaci\u00f3n de la delegaci\u00f3n oficial de Santiago del Estero que actuar\u00e1 en la plaza mayor de Cosqu\u00edn, el domingo 29 de enero, con un homenaje a Juan Carlos Carabajal.<\/p>\n","protected":false},"author":2,"featured_media":48172,"comment_status":"open","ping_status":"open","sticky":false,"template":"","format":"standard","meta":{"om_disable_all_campaigns":false,"_monsterinsights_skip_tracking":false,"_monsterinsights_sitenote_active":false,"_monsterinsights_sitenote_note":"","_monsterinsights_sitenote_category":0,"_uf_show_specific_survey":0,"_uf_disable_surveys":false,"jetpack_post_was_ever_published":false,"_jetpack_newsletter_access":"","_jetpack_dont_email_post_to_subs":false,"_jetpack_newsletter_tier_id":0,"_jetpack_memberships_contains_paywalled_content":false,"_jetpack_memberships_contains_paid_content":false,"footnotes":"","jetpack_publicize_message":"","jetpack_publicize_feature_enabled":true,"jetpack_social_post_already_shared":false,"jetpack_social_options":{"image_generator_settings":{"template":"highway","default_image_id":0,"font":"","enabled":false},"version":2}},"categories":[20],"tags":[],"class_list":["post-48171","post","type-post","status-publish","format-standard","has-post-thumbnail","hentry","category-especysociales"],"aioseo_notices":[],"views":7,"jetpack_publicize_connections":[],"jetpack_featured_media_url":"https:\/\/i0.wp.com\/elterritorialweb.com.ar\/web\/wp-content\/uploads\/2023\/01\/IMG-20230120-WA0001.jpg?fit=1600%2C1200&ssl=1","jetpack_sharing_enabled":true,"_links":{"self":[{"href":"https:\/\/elterritorialweb.com.ar\/web\/wp-json\/wp\/v2\/posts\/48171","targetHints":{"allow":["GET"]}}],"collection":[{"href":"https:\/\/elterritorialweb.com.ar\/web\/wp-json\/wp\/v2\/posts"}],"about":[{"href":"https:\/\/elterritorialweb.com.ar\/web\/wp-json\/wp\/v2\/types\/post"}],"author":[{"embeddable":true,"href":"https:\/\/elterritorialweb.com.ar\/web\/wp-json\/wp\/v2\/users\/2"}],"replies":[{"embeddable":true,"href":"https:\/\/elterritorialweb.com.ar\/web\/wp-json\/wp\/v2\/comments?post=48171"}],"version-history":[{"count":2,"href":"https:\/\/elterritorialweb.com.ar\/web\/wp-json\/wp\/v2\/posts\/48171\/revisions"}],"predecessor-version":[{"id":48174,"href":"https:\/\/elterritorialweb.com.ar\/web\/wp-json\/wp\/v2\/posts\/48171\/revisions\/48174"}],"wp:featuredmedia":[{"embeddable":true,"href":"https:\/\/elterritorialweb.com.ar\/web\/wp-json\/wp\/v2\/media\/48172"}],"wp:attachment":[{"href":"https:\/\/elterritorialweb.com.ar\/web\/wp-json\/wp\/v2\/media?parent=48171"}],"wp:term":[{"taxonomy":"category","embeddable":true,"href":"https:\/\/elterritorialweb.com.ar\/web\/wp-json\/wp\/v2\/categories?post=48171"},{"taxonomy":"post_tag","embeddable":true,"href":"https:\/\/elterritorialweb.com.ar\/web\/wp-json\/wp\/v2\/tags?post=48171"}],"curies":[{"name":"wp","href":"https:\/\/api.w.org\/{rel}","templated":true}]}}