{"id":48175,"date":"2023-01-20T17:20:30","date_gmt":"2023-01-20T17:20:30","guid":{"rendered":"http:\/\/elterritorialweb.com.ar\/web\/?p=48175"},"modified":"2023-01-20T17:21:26","modified_gmt":"2023-01-20T17:21:26","slug":"nelson-bravo-se-reunio-con-el-embajador-argentino-en-espana-ricardo-alfonsin","status":"publish","type":"post","link":"https:\/\/elterritorialweb.com.ar\/web\/nelson-bravo-se-reunio-con-el-embajador-argentino-en-espana-ricardo-alfonsin\/","title":{"rendered":"NELSON BRAVO SE REUNI\u00d3 CON EL EMBAJADOR ARGENTINO EN ESPA\u00d1A RICARDO ALFONS\u00cdN"},"content":{"rendered":"\n<p>En la reuni\u00f3n, el Embajador destac\u00f3 el trabajo en conjunto que vienen llevando adelante las provincias de la regi\u00f3n Norte, siendo esto la clave del crecimiento y afianzamiento del turismo zonal y nacional.<\/p>\n\n\n\n<p>El concepto de trabajo en uni\u00f3n entre las provincias norte\u00f1as para promocionar la regi\u00f3n fue lo que enfatiz\u00f3 el Dr. Alfons\u00edn en su discurso, al mismo tiempo brind\u00f3 su apoyo y acompa\u00f1amiento tanto para Santiago del Estero como para las dem\u00e1s provincias.<\/p>\n\n\n\n<p>En este sentido, se evalu\u00f3 el afianzamiento de la Regi\u00f3n Norte, apostando a la captaci\u00f3n del mercado europeo.<\/p>\n","protected":false},"excerpt":{"rendered":"<p>En el marco de la Fitur, que se lleva adelante en Espa\u00f1a, el Subsecretario de turismo de la provincia, profesor Nelson Bravo, junto a sus pares del Norte, mantuvieron una reuni\u00f3n con el Embajador argentino en Espa\u00f1a, Dr. Ricardo Alfons\u00edn en la embajada argentina.<\/p>\n","protected":false},"author":2,"featured_media":48176,"comment_status":"open","ping_status":"open","sticky":false,"template":"","format":"standard","meta":{"om_disable_all_campaigns":false,"_monsterinsights_skip_tracking":false,"_monsterinsights_sitenote_active":false,"_monsterinsights_sitenote_note":"","_monsterinsights_sitenote_category":0,"_uf_show_specific_survey":0,"_uf_disable_surveys":false,"jetpack_post_was_ever_published":false,"_jetpack_newsletter_access":"","_jetpack_dont_email_post_to_subs":false,"_jetpack_newsletter_tier_id":0,"_jetpack_memberships_contains_paywalled_content":false,"_jetpack_memberships_contains_paid_content":false,"footnotes":"","jetpack_publicize_message":"","jetpack_publicize_feature_enabled":true,"jetpack_social_post_already_shared":false,"jetpack_social_options":{"image_generator_settings":{"template":"highway","default_image_id":0,"font":"","enabled":false},"version":2}},"categories":[4,29],"tags":[],"class_list":["post-48175","post","type-post","status-publish","format-standard","has-post-thumbnail","hentry","category-destacadas","category-turismo"],"aioseo_notices":[],"views":15,"jetpack_publicize_connections":[],"jetpack_featured_media_url":"https:\/\/i0.wp.com\/elterritorialweb.com.ar\/web\/wp-content\/uploads\/2023\/01\/FB_IMG_1674234853871.jpg?fit=720%2C540&ssl=1","jetpack_sharing_enabled":true,"_links":{"self":[{"href":"https:\/\/elterritorialweb.com.ar\/web\/wp-json\/wp\/v2\/posts\/48175","targetHints":{"allow":["GET"]}}],"collection":[{"href":"https:\/\/elterritorialweb.com.ar\/web\/wp-json\/wp\/v2\/posts"}],"about":[{"href":"https:\/\/elterritorialweb.com.ar\/web\/wp-json\/wp\/v2\/types\/post"}],"author":[{"embeddable":true,"href":"https:\/\/elterritorialweb.com.ar\/web\/wp-json\/wp\/v2\/users\/2"}],"replies":[{"embeddable":true,"href":"https:\/\/elterritorialweb.com.ar\/web\/wp-json\/wp\/v2\/comments?post=48175"}],"version-history":[{"count":1,"href":"https:\/\/elterritorialweb.com.ar\/web\/wp-json\/wp\/v2\/posts\/48175\/revisions"}],"predecessor-version":[{"id":48177,"href":"https:\/\/elterritorialweb.com.ar\/web\/wp-json\/wp\/v2\/posts\/48175\/revisions\/48177"}],"wp:featuredmedia":[{"embeddable":true,"href":"https:\/\/elterritorialweb.com.ar\/web\/wp-json\/wp\/v2\/media\/48176"}],"wp:attachment":[{"href":"https:\/\/elterritorialweb.com.ar\/web\/wp-json\/wp\/v2\/media?parent=48175"}],"wp:term":[{"taxonomy":"category","embeddable":true,"href":"https:\/\/elterritorialweb.com.ar\/web\/wp-json\/wp\/v2\/categories?post=48175"},{"taxonomy":"post_tag","embeddable":true,"href":"https:\/\/elterritorialweb.com.ar\/web\/wp-json\/wp\/v2\/tags?post=48175"}],"curies":[{"name":"wp","href":"https:\/\/api.w.org\/{rel}","templated":true}]}}