{"id":48460,"date":"2023-01-31T21:11:18","date_gmt":"2023-01-31T21:11:18","guid":{"rendered":"http:\/\/elterritorialweb.com.ar\/web\/?p=48460"},"modified":"2023-01-31T21:11:19","modified_gmt":"2023-01-31T21:11:19","slug":"nuevo-sentido-de-circulacion-de-la-calle-viamonte","status":"publish","type":"post","link":"https:\/\/elterritorialweb.com.ar\/web\/nuevo-sentido-de-circulacion-de-la-calle-viamonte\/","title":{"rendered":"NUEVO SENTIDO DE CIRCULACI\u00d3N DE LA CALLE VIAMONTE"},"content":{"rendered":"\n<p>Las tareas de adaptaci\u00f3n se realizan en el tramo de Viamonte, desde avenida Belgrano hasta colectora de avenida Lugones.<\/p>\n\n\n\n<p>El sentido ser\u00e1 de este a oeste y para ello la Municipalidad instal\u00f3 nuevos nomencladores con las flechas indicadoras respectivas&nbsp; que deben tener en cuenta qui\u00e9nes circulan por esa calle, lo&nbsp; cual se complementa con nuevos sem\u00e1foros en algunas intersecciones de calles. Para acompa\u00f1ar estas modificaciones, los inspectores de Tr\u00e1nsito recorrer\u00e1n Viamonte y&nbsp; tambi\u00e9n &nbsp;se ubicar\u00e1n en las esquinas de mayor flujo vehicular para advertir la medida.<\/p>\n","protected":false},"excerpt":{"rendered":"<p>Personal de la Direcci\u00f3n de Tr\u00e1nsito de la Municipalidad de la Capital, comenz\u00f3 con las indicaciones a automovilistas y vecinos que transitan por la zona oeste de la ciudad ante las disposiciones que comenzar\u00e1n a regir los pr\u00f3ximos d\u00edas con el nuevo sentido de la calle Viamonte.<\/p>\n","protected":false},"author":2,"featured_media":48466,"comment_status":"open","ping_status":"open","sticky":false,"template":"","format":"standard","meta":{"om_disable_all_campaigns":false,"_monsterinsights_skip_tracking":false,"_monsterinsights_sitenote_active":false,"_monsterinsights_sitenote_note":"","_monsterinsights_sitenote_category":0,"_uf_show_specific_survey":0,"_uf_disable_surveys":false,"jetpack_post_was_ever_published":false,"_jetpack_newsletter_access":"","_jetpack_dont_email_post_to_subs":false,"_jetpack_newsletter_tier_id":0,"_jetpack_memberships_contains_paywalled_content":false,"_jetpack_memberships_contains_paid_content":false,"footnotes":"","jetpack_publicize_message":"","jetpack_publicize_feature_enabled":true,"jetpack_social_post_already_shared":false,"jetpack_social_options":{"image_generator_settings":{"template":"highway","default_image_id":0,"font":"","enabled":false},"version":2}},"categories":[21],"tags":[],"class_list":["post-48460","post","type-post","status-publish","format-standard","has-post-thumbnail","hentry","category-locales"],"aioseo_notices":[],"views":18,"jetpack_publicize_connections":[],"jetpack_featured_media_url":"https:\/\/i0.wp.com\/elterritorialweb.com.ar\/web\/wp-content\/uploads\/2023\/01\/calle-viamonte.jpeg?fit=1280%2C790&ssl=1","jetpack_sharing_enabled":true,"_links":{"self":[{"href":"https:\/\/elterritorialweb.com.ar\/web\/wp-json\/wp\/v2\/posts\/48460","targetHints":{"allow":["GET"]}}],"collection":[{"href":"https:\/\/elterritorialweb.com.ar\/web\/wp-json\/wp\/v2\/posts"}],"about":[{"href":"https:\/\/elterritorialweb.com.ar\/web\/wp-json\/wp\/v2\/types\/post"}],"author":[{"embeddable":true,"href":"https:\/\/elterritorialweb.com.ar\/web\/wp-json\/wp\/v2\/users\/2"}],"replies":[{"embeddable":true,"href":"https:\/\/elterritorialweb.com.ar\/web\/wp-json\/wp\/v2\/comments?post=48460"}],"version-history":[{"count":1,"href":"https:\/\/elterritorialweb.com.ar\/web\/wp-json\/wp\/v2\/posts\/48460\/revisions"}],"predecessor-version":[{"id":48467,"href":"https:\/\/elterritorialweb.com.ar\/web\/wp-json\/wp\/v2\/posts\/48460\/revisions\/48467"}],"wp:featuredmedia":[{"embeddable":true,"href":"https:\/\/elterritorialweb.com.ar\/web\/wp-json\/wp\/v2\/media\/48466"}],"wp:attachment":[{"href":"https:\/\/elterritorialweb.com.ar\/web\/wp-json\/wp\/v2\/media?parent=48460"}],"wp:term":[{"taxonomy":"category","embeddable":true,"href":"https:\/\/elterritorialweb.com.ar\/web\/wp-json\/wp\/v2\/categories?post=48460"},{"taxonomy":"post_tag","embeddable":true,"href":"https:\/\/elterritorialweb.com.ar\/web\/wp-json\/wp\/v2\/tags?post=48460"}],"curies":[{"name":"wp","href":"https:\/\/api.w.org\/{rel}","templated":true}]}}