{"id":48468,"date":"2023-01-31T21:14:39","date_gmt":"2023-01-31T21:14:39","guid":{"rendered":"http:\/\/elterritorialweb.com.ar\/web\/?p=48468"},"modified":"2023-01-31T21:14:40","modified_gmt":"2023-01-31T21:14:40","slug":"argentina-promocionara-el-moto-gp-y-el-turismo-de-motos-en-londrina-y-curitiba","status":"publish","type":"post","link":"https:\/\/elterritorialweb.com.ar\/web\/argentina-promocionara-el-moto-gp-y-el-turismo-de-motos-en-londrina-y-curitiba\/","title":{"rendered":"ARGENTINA PROMOCIONAR\u00c1 EL MOTO GP Y EL TURISMO DE MOTOS EN LONDRINA Y CURITIBA"},"content":{"rendered":"\n<p>El Secretario Ejecutivo del Inprotur,<strong>\u00a0Ricardo Sosa,<\/strong>\u00a0inform\u00f3 que \u201c<em>este a\u00f1o decidimos ampliar el formato de las promociones y para ello convocamos a\u00a0<strong>Sebasti\u00e1n Porto<\/strong>, representante argentino del motociclismo y subcampe\u00f3n 2004 de Moto250, la segunda categor\u00eda m\u00e1s importante del Campeonato del Mundo de Motociclismo, quien tendr\u00e1 la responsabilidad de realizar las presentaciones con charlas inspiracionales para clubes de motos. Adem\u00e1s, en forma paralela realizaremos encuentros comerciales con tour operadores argentinos y brasile\u00f1os, por esta raz\u00f3n nos acompa\u00f1ar\u00e1n incluso empresarios tur\u00edsticos de Santiago del Estero, provincia donde se realiza el MotoGP<\/em>\u201d.<br>\u00a0<br>Los eventos tendr\u00e1n lugar el\u00a0<strong>2 de febrero a las 17.30hs en Emp\u00f3rio Guimar\u00e3es (Rua Para\u00edba, 533) en la ciudad de Londrina, y el 4 de febrero a las 17.30 en el Hard Rock Caf\u00e9 (R. Buenos Aires, 50 &#8211; Batel-) de la ciudad de Curitiba, Brasil\u00a0<\/strong>y est\u00e1 destinada a fan\u00e1ticos y asociaciones motoqueras de Brasil.\u00a0<strong>Porto<\/strong>\u00a0contar\u00e1 sus experiencias en los recorridos por el pa\u00eds, c\u00f3mo fue correr en la Argentina y las diferencias entre el Aut\u00f3dromo Internacional de Termas de R\u00edo Hondo y otros circuitos del mundo y la oportunidad de tener un evento de estas caracter\u00edsticas en Sudam\u00e9rica.<br>\u00a0<br>Durante los eventos, adem\u00e1s de la presencia de empresarios del sector tur\u00edstico de Brasil, donde podr\u00e1n reunirse con pares argentinos presentes,\u00a0<strong>habr\u00e1 una importante presentaci\u00f3n sobre el Gran Premio de la Rep\u00fablica Argentina de MotoGP,<\/strong>\u00a0que se desarrollar\u00e1 en la ciudad santiague\u00f1a de Termas de Rio Hondo y que anualmente recibe miles de fan\u00e1ticos del deporte de pa\u00edses de la regi\u00f3n y que aprovechan el evento para hacer m\u00e1s recorridos por el Norte de Argentina.<br>\u00a0<br>Los eventos estar\u00e1n encabezados por el Secretario Ejecutivo del INPROTUR, Ricardo Sosa, junto a funcionarios y empresarios de Santiago del Estero y otras provincias, quienes tambi\u00e9n tendr\u00e1n su espacio para capacitar a los presentes. De Santiago del Estero, participar\u00e1n el subsecretario de Turismo, Nelson Bravo; Miguel Figueroa, actual presidente de la C\u00e1mara de Turismo de Santiago del Estero; Julio Jorge, presidente de la C\u00e1mara de Hoteleros de Santiago del Estero; Cristian Luna, propietario de la Bodega Mar\u00eda del Pilar; Teresa Kladko, representante de la C\u00e1mara Hotelera y Gastron\u00f3mica de Termas de R\u00edo Hondo y Carla Olinski de la Operadora Aymar\u00e1, entre otros.<br>\u00a0<br><strong>Sosa\u00a0<\/strong>expres\u00f3: \u201cS<em>abemos del inter\u00e9s de los brasileros por todo deporte motor y lo notamos en cada fecha del MotoGP en Termas de R\u00edo Hondo. Varias operadoras y agencias de Brasil venden paquetes para esa fecha espec\u00edfica y estos eventos servir\u00e1n para incentivar a m\u00e1s fan\u00e1ticos a conocer esta experiencia en Argentina y para que aprovechen de m\u00e1s circuitos arriba de sus motos. Por eso fue importante haber extendido la presencia de Argentina dentro del calendario de MotoGP hasta 2025<\/em>\u201d.<br>\u00a0<br><strong>Sosa<\/strong>\u00a0destac\u00f3 que \u201c<em><strong>el estado de Paran\u00e1 en Brasil es el mayor emisor de turistas de Motos hacia Argentina<\/strong>, desde all\u00ed provienen turistas llegados desde Maring\u00e1, Ponta Grossa, Cascavel, Ipiranga, y en especial el MotoGP, y las ciudades de Londrina y Curitiba se destacan por el fanatismo que genera el deporte de dos ruedas, por eso consolidamos nuestra promoci\u00f3n en estos destinos<\/em>\u201d.<\/p>\n","protected":false},"excerpt":{"rendered":"<p>El Instituto Nacional de Promoci\u00f3n Tur\u00edstica organizar\u00e1 dos encuentros en Londrina y Curitiba, en Brasil, con el objetivo de presentar la \u00fanica fecha en Sudam\u00e9rica del MotoGP que se realizar\u00e1 en Termas de Rio Hondo entre el 31 de marzo y 2 de abril y exponer la oferta rutera para los fan\u00e1ticos del turismo en dos ruedas por Argentina.<\/p>\n","protected":false},"author":2,"featured_media":48469,"comment_status":"open","ping_status":"open","sticky":false,"template":"","format":"standard","meta":{"om_disable_all_campaigns":false,"_monsterinsights_skip_tracking":false,"_monsterinsights_sitenote_active":false,"_monsterinsights_sitenote_note":"","_monsterinsights_sitenote_category":0,"_uf_show_specific_survey":0,"_uf_disable_surveys":false,"jetpack_post_was_ever_published":false,"_jetpack_newsletter_access":"","_jetpack_dont_email_post_to_subs":false,"_jetpack_newsletter_tier_id":0,"_jetpack_memberships_contains_paywalled_content":false,"_jetpack_memberships_contains_paid_content":false,"footnotes":"","jetpack_publicize_message":"","jetpack_publicize_feature_enabled":true,"jetpack_social_post_already_shared":false,"jetpack_social_options":{"image_generator_settings":{"template":"highway","default_image_id":0,"font":"","enabled":false},"version":2}},"categories":[4,29],"tags":[],"class_list":["post-48468","post","type-post","status-publish","format-standard","has-post-thumbnail","hentry","category-destacadas","category-turismo"],"aioseo_notices":[],"views":16,"jetpack_publicize_connections":[],"jetpack_featured_media_url":"https:\/\/i0.wp.com\/elterritorialweb.com.ar\/web\/wp-content\/uploads\/2023\/01\/unnamed-scaled.jpg?fit=2560%2C1153&ssl=1","jetpack_sharing_enabled":true,"_links":{"self":[{"href":"https:\/\/elterritorialweb.com.ar\/web\/wp-json\/wp\/v2\/posts\/48468","targetHints":{"allow":["GET"]}}],"collection":[{"href":"https:\/\/elterritorialweb.com.ar\/web\/wp-json\/wp\/v2\/posts"}],"about":[{"href":"https:\/\/elterritorialweb.com.ar\/web\/wp-json\/wp\/v2\/types\/post"}],"author":[{"embeddable":true,"href":"https:\/\/elterritorialweb.com.ar\/web\/wp-json\/wp\/v2\/users\/2"}],"replies":[{"embeddable":true,"href":"https:\/\/elterritorialweb.com.ar\/web\/wp-json\/wp\/v2\/comments?post=48468"}],"version-history":[{"count":1,"href":"https:\/\/elterritorialweb.com.ar\/web\/wp-json\/wp\/v2\/posts\/48468\/revisions"}],"predecessor-version":[{"id":48470,"href":"https:\/\/elterritorialweb.com.ar\/web\/wp-json\/wp\/v2\/posts\/48468\/revisions\/48470"}],"wp:featuredmedia":[{"embeddable":true,"href":"https:\/\/elterritorialweb.com.ar\/web\/wp-json\/wp\/v2\/media\/48469"}],"wp:attachment":[{"href":"https:\/\/elterritorialweb.com.ar\/web\/wp-json\/wp\/v2\/media?parent=48468"}],"wp:term":[{"taxonomy":"category","embeddable":true,"href":"https:\/\/elterritorialweb.com.ar\/web\/wp-json\/wp\/v2\/categories?post=48468"},{"taxonomy":"post_tag","embeddable":true,"href":"https:\/\/elterritorialweb.com.ar\/web\/wp-json\/wp\/v2\/tags?post=48468"}],"curies":[{"name":"wp","href":"https:\/\/api.w.org\/{rel}","templated":true}]}}