{"id":48471,"date":"2023-01-31T21:19:15","date_gmt":"2023-01-31T21:19:15","guid":{"rendered":"http:\/\/elterritorialweb.com.ar\/web\/?p=48471"},"modified":"2023-01-31T21:22:58","modified_gmt":"2023-01-31T21:22:58","slug":"nediani-suerviso-el-cambio-de-bomba-de-sesagote-en-el-barrio-gorrini","status":"publish","type":"post","link":"https:\/\/elterritorialweb.com.ar\/web\/nediani-suerviso-el-cambio-de-bomba-de-sesagote-en-el-barrio-gorrini\/","title":{"rendered":"NEDIANI SUPERVIS\u00d3 EL CAMBIO DE BOMBA DE DESAGOTE EN EL BARRIO GORRINI"},"content":{"rendered":"\n<p><br>En este sentido, el jefe comunal estuvo acompa\u00f1ado por el secretario de Obras P\u00fablicas, Cristian Alzamora, y el subsecretario de Planificaci\u00f3n Urbana, Daniel Olmos, con quienes visit\u00f3 el mencionado trabajo que \u00abforma parte del plan de obras que el municipio se encuentra realizando en diferentes puntos, sobre todo en materia de infraestructura b\u00e1sica\u201d, como lo indicaron las autoridades.<br>En la oportunidad, Nediani explic\u00f3 que el trabajo consisti\u00f3 en el cambio de la bomba que exist\u00eda en el lugar, por una que duplica en tama\u00f1o, para realizar de manera m\u00e1s efectiva el trabajo, y expres\u00f3: \u00abTomamos la decisi\u00f3n de duplicar la capacidad de la bomba anterior para evacuar lo m\u00e1s r\u00e1pido posible el agua que se acumula en este sector teniendo en cuenta que es un bajo y que surge con asentamientos, que de a poco vamos tratando de ordenarlo\u00bb.<br>\u00abTenemos que tener en cuenta que nuestra ciudad es atravesada y rodeada por obras como rutas nacionales, provinciales, v\u00edas f\u00e9rreas y canales de riego, lo que hace que los barrios que se desarrollan al costado de estas obras queden bajos, por lo que tenemos que recurrir a obras de estas caracter\u00edsticas para dar una soluci\u00f3n\u00bb, finaliz\u00f3 Nediani.<br>Desde el \u00e1rea, explicaron que con estos trabajos se est\u00e1n dando respuesta a los vecinos de la ciudad para facilitar el escurrimiento del agua en \u00e9pocas donde las lluvias son frecuentes. No obstante, se ruega a los vecinos a cuidar la higiene y no arrojar basura en los cordones cunetas, c\u00e1maras de registro y desag\u00fces a cielo abierto, evitando de esta manera obstrucciones que luego generan anegamientos en calles y viviendas.<\/p>\n","protected":false},"excerpt":{"rendered":"<p>El intendente de la ciudad de La Banda, Roger Nediani supervis\u00f3 el cambio de bomba de desagote que el \u00e1rea de la Secretar\u00eda de Obras P\u00fablicas realiz\u00f3 en el barrio Gorrini y Cabildo Santiague\u00f1o.<\/p>\n","protected":false},"author":2,"featured_media":48472,"comment_status":"open","ping_status":"open","sticky":false,"template":"","format":"standard","meta":{"om_disable_all_campaigns":false,"_monsterinsights_skip_tracking":false,"_monsterinsights_sitenote_active":false,"_monsterinsights_sitenote_note":"","_monsterinsights_sitenote_category":0,"_uf_show_specific_survey":0,"_uf_disable_surveys":false,"jetpack_post_was_ever_published":false,"_jetpack_newsletter_access":"","_jetpack_dont_email_post_to_subs":false,"_jetpack_newsletter_tier_id":0,"_jetpack_memberships_contains_paywalled_content":false,"_jetpack_memberships_contains_paid_content":false,"footnotes":"","jetpack_publicize_message":"","jetpack_publicize_feature_enabled":true,"jetpack_social_post_already_shared":false,"jetpack_social_options":{"image_generator_settings":{"template":"highway","default_image_id":0,"font":"","enabled":false},"version":2}},"categories":[9],"tags":[],"class_list":["post-48471","post","type-post","status-publish","format-standard","has-post-thumbnail","hentry","category-banda"],"aioseo_notices":[],"views":22,"jetpack_publicize_connections":[],"jetpack_featured_media_url":"https:\/\/i0.wp.com\/elterritorialweb.com.ar\/web\/wp-content\/uploads\/2023\/01\/WhatsApp-Image-2023-01-31-at-14.02.34.jpeg?fit=1280%2C845&ssl=1","jetpack_sharing_enabled":true,"_links":{"self":[{"href":"https:\/\/elterritorialweb.com.ar\/web\/wp-json\/wp\/v2\/posts\/48471","targetHints":{"allow":["GET"]}}],"collection":[{"href":"https:\/\/elterritorialweb.com.ar\/web\/wp-json\/wp\/v2\/posts"}],"about":[{"href":"https:\/\/elterritorialweb.com.ar\/web\/wp-json\/wp\/v2\/types\/post"}],"author":[{"embeddable":true,"href":"https:\/\/elterritorialweb.com.ar\/web\/wp-json\/wp\/v2\/users\/2"}],"replies":[{"embeddable":true,"href":"https:\/\/elterritorialweb.com.ar\/web\/wp-json\/wp\/v2\/comments?post=48471"}],"version-history":[{"count":2,"href":"https:\/\/elterritorialweb.com.ar\/web\/wp-json\/wp\/v2\/posts\/48471\/revisions"}],"predecessor-version":[{"id":48474,"href":"https:\/\/elterritorialweb.com.ar\/web\/wp-json\/wp\/v2\/posts\/48471\/revisions\/48474"}],"wp:featuredmedia":[{"embeddable":true,"href":"https:\/\/elterritorialweb.com.ar\/web\/wp-json\/wp\/v2\/media\/48472"}],"wp:attachment":[{"href":"https:\/\/elterritorialweb.com.ar\/web\/wp-json\/wp\/v2\/media?parent=48471"}],"wp:term":[{"taxonomy":"category","embeddable":true,"href":"https:\/\/elterritorialweb.com.ar\/web\/wp-json\/wp\/v2\/categories?post=48471"},{"taxonomy":"post_tag","embeddable":true,"href":"https:\/\/elterritorialweb.com.ar\/web\/wp-json\/wp\/v2\/tags?post=48471"}],"curies":[{"name":"wp","href":"https:\/\/api.w.org\/{rel}","templated":true}]}}