{"id":48480,"date":"2023-01-31T21:51:20","date_gmt":"2023-01-31T21:51:20","guid":{"rendered":"http:\/\/elterritorialweb.com.ar\/web\/?p=48480"},"modified":"2023-02-01T13:52:23","modified_gmt":"2023-02-01T13:52:23","slug":"censo-2022-hay-46-044-703-que-habitan-en-el-pais","status":"publish","type":"post","link":"https:\/\/elterritorialweb.com.ar\/web\/censo-2022-hay-46-044-703-que-habitan-en-el-pais\/","title":{"rendered":"CENSO 2022: HAY 46.044.703 PERSONAS QUE HABITAN EN EL PA\u00cdS"},"content":{"rendered":"\n<p>En la Argentina hay\u00a0<strong>46.044.703 personas<\/strong>, seg\u00fan\u00a0los resultados del Censo 2022\u00a0que revel\u00f3 este martes el Instituto Nacional de Estad\u00edsticas y Censos (INDEC). Los datos definitivos de la encuesta nacional indicaron que la poblaci\u00f3n\u00a0<strong>creci\u00f3 un 14,78%<\/strong>\u00a0desde el 2010.<\/p>\n\n\n\n<p>De los m\u00e1s de 46 millones de personas que habitan en el pa\u00eds,\u00a0<strong>23.690.481 son mujeres,<\/strong>\u00a0lo que representa un<strong>\u00a051,41%<\/strong>\u00a0del total, mientras que\u00a0<strong>22.072.046 son hombres (47,9%).<\/strong>\u00a0A su vez, 8293 personas (0,02%) no se autoperciben ni mujer ni hombre.<\/p>\n\n\n\n<p><strong>Buenos Aires&nbsp;<\/strong>es la provincia en la que m\u00e1s personas viven de todo el pa\u00eds, con un total de&nbsp;<strong>17.569.053<\/strong>, lo que representa un&nbsp;<strong>38,13% de la poblaci\u00f3n total.<\/strong>&nbsp;De esas m\u00e1s de 17 millones de personas, 10.865.182 viven en el Gran Buenos Aires (GBA), 3.120.612 en la Ciudad Aut\u00f3noma de Buenos Aires y 6.703.871 en el interior de la provincia.<\/p>\n\n\n\n<p>El titular del organismo, Marco Lavagna, detall\u00f3 que en la Argentina&nbsp;<strong>hay un total de 17.805.711 viviendas,<\/strong>&nbsp;de las cuales 17.780.210 son viviendas particulares y otras 25.501 son viviendas colectivas.<\/p>\n\n\n\n<p>Los datos finales deb\u00edan publicarse en agosto del a\u00f1o pasado, pero por problemas en la carga y en la recolecci\u00f3n de la informaci\u00f3n se postergaron aproximadamente cinco meses.<\/p>\n\n\n\n<p>A los 90 d\u00edas de la realizaci\u00f3n del Censo 2022, el INDEC hab\u00eda aclarado los motivos de la demora en la entrega de los datos preliminares. \u201cNo se difundieron en la fecha prevista porque<strong>&nbsp;un n\u00famero significativo de planillas resumen que se completaron el d\u00eda del Censo no cumplen los est\u00e1ndares de calidad suficientes\u201d<\/strong>, explic\u00f3 en ese momento, v\u00eda Twitter, Lavagna al reconocer los errores.<\/p>\n","protected":false},"excerpt":{"rendered":"<p>Seg\u00fan los datos definitivos difundidos por el INDEC, hay 17.805.711 viviendas en el pa\u00eds. M\u00e1s del 55,28% de las personas respondi\u00f3 de forma digital.<\/p>\n","protected":false},"author":2,"featured_media":35233,"comment_status":"open","ping_status":"open","sticky":false,"template":"","format":"standard","meta":{"om_disable_all_campaigns":false,"_monsterinsights_skip_tracking":false,"_monsterinsights_sitenote_active":false,"_monsterinsights_sitenote_note":"","_monsterinsights_sitenote_category":0,"_uf_show_specific_survey":0,"_uf_disable_surveys":false,"jetpack_post_was_ever_published":false,"_jetpack_newsletter_access":"","_jetpack_dont_email_post_to_subs":false,"_jetpack_newsletter_tier_id":0,"_jetpack_memberships_contains_paywalled_content":false,"_jetpack_memberships_contains_paid_content":false,"footnotes":"","jetpack_publicize_message":"","jetpack_publicize_feature_enabled":true,"jetpack_social_post_already_shared":false,"jetpack_social_options":{"image_generator_settings":{"template":"highway","default_image_id":0,"font":"","enabled":false},"version":2}},"categories":[31,4],"tags":[],"class_list":["post-48480","post","type-post","status-publish","format-standard","has-post-thumbnail","hentry","category-censo-nacional","category-destacadas"],"aioseo_notices":[],"views":36,"jetpack_publicize_connections":[],"jetpack_featured_media_url":"https:\/\/i0.wp.com\/elterritorialweb.com.ar\/web\/wp-content\/uploads\/2022\/02\/censo-1.jpg?fit=1440%2C692&ssl=1","jetpack_sharing_enabled":true,"_links":{"self":[{"href":"https:\/\/elterritorialweb.com.ar\/web\/wp-json\/wp\/v2\/posts\/48480","targetHints":{"allow":["GET"]}}],"collection":[{"href":"https:\/\/elterritorialweb.com.ar\/web\/wp-json\/wp\/v2\/posts"}],"about":[{"href":"https:\/\/elterritorialweb.com.ar\/web\/wp-json\/wp\/v2\/types\/post"}],"author":[{"embeddable":true,"href":"https:\/\/elterritorialweb.com.ar\/web\/wp-json\/wp\/v2\/users\/2"}],"replies":[{"embeddable":true,"href":"https:\/\/elterritorialweb.com.ar\/web\/wp-json\/wp\/v2\/comments?post=48480"}],"version-history":[{"count":2,"href":"https:\/\/elterritorialweb.com.ar\/web\/wp-json\/wp\/v2\/posts\/48480\/revisions"}],"predecessor-version":[{"id":48490,"href":"https:\/\/elterritorialweb.com.ar\/web\/wp-json\/wp\/v2\/posts\/48480\/revisions\/48490"}],"wp:featuredmedia":[{"embeddable":true,"href":"https:\/\/elterritorialweb.com.ar\/web\/wp-json\/wp\/v2\/media\/35233"}],"wp:attachment":[{"href":"https:\/\/elterritorialweb.com.ar\/web\/wp-json\/wp\/v2\/media?parent=48480"}],"wp:term":[{"taxonomy":"category","embeddable":true,"href":"https:\/\/elterritorialweb.com.ar\/web\/wp-json\/wp\/v2\/categories?post=48480"},{"taxonomy":"post_tag","embeddable":true,"href":"https:\/\/elterritorialweb.com.ar\/web\/wp-json\/wp\/v2\/tags?post=48480"}],"curies":[{"name":"wp","href":"https:\/\/api.w.org\/{rel}","templated":true}]}}