{"id":48494,"date":"2023-02-01T23:53:58","date_gmt":"2023-02-01T23:53:58","guid":{"rendered":"http:\/\/elterritorialweb.com.ar\/web\/?p=48494"},"modified":"2023-02-01T23:54:00","modified_gmt":"2023-02-01T23:54:00","slug":"el-gobierno-lanzo-una-linea-de-creditos-para-pymes-de-todo-el-pais","status":"publish","type":"post","link":"https:\/\/elterritorialweb.com.ar\/web\/el-gobierno-lanzo-una-linea-de-creditos-para-pymes-de-todo-el-pais\/","title":{"rendered":"EL GOBIERNO LANZ\u00d3 UNA LINEA DE CREDITOS PARA PYMES DE TODO EL PA\u00cdS"},"content":{"rendered":"\n<p>El ministro de Econom\u00eda,&nbsp;<strong>Sergio Massa<\/strong>, present\u00f3 una nueva l\u00ednea de cr\u00e9ditos incluida dentro del programa&nbsp;<strong>Cr\u00e9dito Argentino<\/strong>&nbsp;que estar\u00e1 destinada a pymes de todo el pa\u00eds.<\/p>\n\n\n\n<p>Con esta nueva l\u00ednea de cr\u00e9ditos, el Banco Naci\u00f3n, el BICE y los bancos provinciales pondr\u00e1n a disposici\u00f3n&nbsp;<strong>un monto total de $ 500.000 millones en cr\u00e9ditos<\/strong>&nbsp;para las pymes con un&nbsp;<strong>subsidio de tasa de 30 puntos porcentuales<\/strong>, destinado a ayudar a las empresas a que aumenten su producci\u00f3n y contraten m\u00e1s personal.<\/p>\n\n\n\n<p>\u00abEs un d\u00eda importante porque lo que hacemos es profundizar la idea de que la tasa de inter\u00e9s subsidiada funciona como instrumento de acceso al cr\u00e9dito para las pymes\u00bb, destac\u00f3 el ministro en un anuncio en el que estuvo acompa\u00f1ado por el gobernador de La Pampa,&nbsp;<strong>Sergio Ziliotto<\/strong>, y el Secretario de Industria y Desarrollo Productivo,<strong>&nbsp;Jos\u00e9 de Mendiguren<\/strong>.<\/p>\n\n\n\n<p><strong>\u00abEsto permite bajar la tasa para aquellos que apuestan a la producci\u00f3n<\/strong>&nbsp;y mantenerla alta para aquellos que utilizan la tasa como m\u00e9todo de especulaci\u00f3n\u00bb, agreg\u00f3 Massa.<\/p>\n\n\n\n<p>El funcionario expres\u00f3 adem\u00e1s que el objetivo del gobierno es que las pymes sigan generando empleo y aumentando la producci\u00f3n.<\/p>\n\n\n\n<p>\u00abEste cr\u00e9dito nos invita a invitar a las pymes a tomar cr\u00e9dito para seguir invirtiendo, para seguir produciendo, para generar mayor nivel de actividad y para abastecer mejor nuestras cadenas de consumo que es una de las herramientas que tenemos para&nbsp;<strong>bajar la inflaci\u00f3n<\/strong>\u00ab, complet\u00f3 el ministro.<\/p>\n","protected":false},"excerpt":{"rendered":"<p>El Banco Naci\u00f3n, el BICE y los bancos provinciales pondr\u00e1n a disposici\u00f3n un monto total de $ 500.000 millones en cr\u00e9ditos para las pymes con un subsidio de tasa de 30 puntos porcentuales, destinado a ayudar a las empresas a que aumenten su producci\u00f3n y contraten m\u00e1s personal.<\/p>\n","protected":false},"author":2,"featured_media":48496,"comment_status":"open","ping_status":"open","sticky":false,"template":"","format":"standard","meta":{"om_disable_all_campaigns":false,"_monsterinsights_skip_tracking":false,"_monsterinsights_sitenote_active":false,"_monsterinsights_sitenote_note":"","_monsterinsights_sitenote_category":0,"_uf_show_specific_survey":0,"_uf_disable_surveys":false,"jetpack_post_was_ever_published":false,"_jetpack_newsletter_access":"","_jetpack_dont_email_post_to_subs":false,"_jetpack_newsletter_tier_id":0,"_jetpack_memberships_contains_paywalled_content":false,"_jetpack_memberships_contains_paid_content":false,"footnotes":"","jetpack_publicize_message":"","jetpack_publicize_feature_enabled":true,"jetpack_social_post_already_shared":false,"jetpack_social_options":{"image_generator_settings":{"template":"highway","default_image_id":0,"font":"","enabled":false},"version":2}},"categories":[4,18],"tags":[],"class_list":["post-48494","post","type-post","status-publish","format-standard","has-post-thumbnail","hentry","category-destacadas","category-politica"],"aioseo_notices":[],"views":16,"jetpack_publicize_connections":[],"jetpack_featured_media_url":"https:\/\/i0.wp.com\/elterritorialweb.com.ar\/web\/wp-content\/uploads\/2023\/02\/5ff7368d2d609_600_315.png?fit=600%2C315&ssl=1","jetpack_sharing_enabled":true,"_links":{"self":[{"href":"https:\/\/elterritorialweb.com.ar\/web\/wp-json\/wp\/v2\/posts\/48494","targetHints":{"allow":["GET"]}}],"collection":[{"href":"https:\/\/elterritorialweb.com.ar\/web\/wp-json\/wp\/v2\/posts"}],"about":[{"href":"https:\/\/elterritorialweb.com.ar\/web\/wp-json\/wp\/v2\/types\/post"}],"author":[{"embeddable":true,"href":"https:\/\/elterritorialweb.com.ar\/web\/wp-json\/wp\/v2\/users\/2"}],"replies":[{"embeddable":true,"href":"https:\/\/elterritorialweb.com.ar\/web\/wp-json\/wp\/v2\/comments?post=48494"}],"version-history":[{"count":2,"href":"https:\/\/elterritorialweb.com.ar\/web\/wp-json\/wp\/v2\/posts\/48494\/revisions"}],"predecessor-version":[{"id":48497,"href":"https:\/\/elterritorialweb.com.ar\/web\/wp-json\/wp\/v2\/posts\/48494\/revisions\/48497"}],"wp:featuredmedia":[{"embeddable":true,"href":"https:\/\/elterritorialweb.com.ar\/web\/wp-json\/wp\/v2\/media\/48496"}],"wp:attachment":[{"href":"https:\/\/elterritorialweb.com.ar\/web\/wp-json\/wp\/v2\/media?parent=48494"}],"wp:term":[{"taxonomy":"category","embeddable":true,"href":"https:\/\/elterritorialweb.com.ar\/web\/wp-json\/wp\/v2\/categories?post=48494"},{"taxonomy":"post_tag","embeddable":true,"href":"https:\/\/elterritorialweb.com.ar\/web\/wp-json\/wp\/v2\/tags?post=48494"}],"curies":[{"name":"wp","href":"https:\/\/api.w.org\/{rel}","templated":true}]}}