{"id":48507,"date":"2023-02-02T18:26:30","date_gmt":"2023-02-02T18:26:30","guid":{"rendered":"http:\/\/elterritorialweb.com.ar\/web\/?p=48507"},"modified":"2023-02-02T18:26:31","modified_gmt":"2023-02-02T18:26:31","slug":"el-comite-de-emergencias-de-la-capital-trabajo-ante-las-abundantes-precipitaciones","status":"publish","type":"post","link":"https:\/\/elterritorialweb.com.ar\/web\/el-comite-de-emergencias-de-la-capital-trabajo-ante-las-abundantes-precipitaciones\/","title":{"rendered":"EL COMIT\u00c9 DE EMERGENCIAS DE LA CAPITAL TRABAJO ANTE LAS ABUNDANTES PRECIPITACIONES"},"content":{"rendered":"\n<p>Los operarios de la Direcci\u00f3n de Servicios Urbanos, coordinados por el Comit\u00e9 de Emergencias,<br>intervinieron r\u00e1pidamente para despejar el sistema de drenaje y agilizar el escurrimiento del<br>agua producto de las intensas precipitaciones.<br>En tanto, el Comit\u00e9 de Emergencias integrado por todas las \u00e1reas operativas del municipio se<br>mantiene en estado de alerta para atender las demandas que puedan requerir los vecinos,<br>quienes pueden comunicarse al tel\u00e9fono 6007819 de Defensa Civil ante cualquier situaci\u00f3n.<\/p>\n","protected":false},"excerpt":{"rendered":"<p>Ante las abundantes lluvias registradas en las \u00faltimas horas, la Municipalidad de la Capital<br \/>\nrealiz\u00f3 la limpieza de las bocas de tormenta e imbornales de distintos barrios, muchos de las<br \/>\ncuales estaban obstruidos por residuos acumulados en la v\u00eda p\u00fablica, principalmente envases<br \/>\npl\u00e1sticos.<\/p>\n","protected":false},"author":2,"featured_media":48508,"comment_status":"open","ping_status":"open","sticky":false,"template":"","format":"standard","meta":{"om_disable_all_campaigns":false,"_monsterinsights_skip_tracking":false,"_monsterinsights_sitenote_active":false,"_monsterinsights_sitenote_note":"","_monsterinsights_sitenote_category":0,"_uf_show_specific_survey":0,"_uf_disable_surveys":false,"jetpack_post_was_ever_published":false,"_jetpack_newsletter_access":"","_jetpack_dont_email_post_to_subs":false,"_jetpack_newsletter_tier_id":0,"_jetpack_memberships_contains_paywalled_content":false,"_jetpack_memberships_contains_paid_content":false,"footnotes":"","jetpack_publicize_message":"","jetpack_publicize_feature_enabled":true,"jetpack_social_post_already_shared":false,"jetpack_social_options":{"image_generator_settings":{"template":"highway","default_image_id":0,"font":"","enabled":false},"version":2}},"categories":[21],"tags":[],"class_list":["post-48507","post","type-post","status-publish","format-standard","has-post-thumbnail","hentry","category-locales"],"aioseo_notices":[],"views":17,"jetpack_publicize_connections":[],"jetpack_featured_media_url":"https:\/\/i0.wp.com\/elterritorialweb.com.ar\/web\/wp-content\/uploads\/2023\/02\/tareas-tormenta.jpeg?fit=1032%2C581&ssl=1","jetpack_sharing_enabled":true,"_links":{"self":[{"href":"https:\/\/elterritorialweb.com.ar\/web\/wp-json\/wp\/v2\/posts\/48507","targetHints":{"allow":["GET"]}}],"collection":[{"href":"https:\/\/elterritorialweb.com.ar\/web\/wp-json\/wp\/v2\/posts"}],"about":[{"href":"https:\/\/elterritorialweb.com.ar\/web\/wp-json\/wp\/v2\/types\/post"}],"author":[{"embeddable":true,"href":"https:\/\/elterritorialweb.com.ar\/web\/wp-json\/wp\/v2\/users\/2"}],"replies":[{"embeddable":true,"href":"https:\/\/elterritorialweb.com.ar\/web\/wp-json\/wp\/v2\/comments?post=48507"}],"version-history":[{"count":1,"href":"https:\/\/elterritorialweb.com.ar\/web\/wp-json\/wp\/v2\/posts\/48507\/revisions"}],"predecessor-version":[{"id":48509,"href":"https:\/\/elterritorialweb.com.ar\/web\/wp-json\/wp\/v2\/posts\/48507\/revisions\/48509"}],"wp:featuredmedia":[{"embeddable":true,"href":"https:\/\/elterritorialweb.com.ar\/web\/wp-json\/wp\/v2\/media\/48508"}],"wp:attachment":[{"href":"https:\/\/elterritorialweb.com.ar\/web\/wp-json\/wp\/v2\/media?parent=48507"}],"wp:term":[{"taxonomy":"category","embeddable":true,"href":"https:\/\/elterritorialweb.com.ar\/web\/wp-json\/wp\/v2\/categories?post=48507"},{"taxonomy":"post_tag","embeddable":true,"href":"https:\/\/elterritorialweb.com.ar\/web\/wp-json\/wp\/v2\/tags?post=48507"}],"curies":[{"name":"wp","href":"https:\/\/api.w.org\/{rel}","templated":true}]}}