{"id":48510,"date":"2023-02-02T18:41:08","date_gmt":"2023-02-02T18:41:08","guid":{"rendered":"http:\/\/elterritorialweb.com.ar\/web\/?p=48510"},"modified":"2023-02-03T04:16:41","modified_gmt":"2023-02-03T04:16:41","slug":"con-una-imponente-cartelera-iniciara-la-31-edicion-del-festival-nacional-de-la-salamanca-2023","status":"publish","type":"post","link":"https:\/\/elterritorialweb.com.ar\/web\/con-una-imponente-cartelera-iniciara-la-31-edicion-del-festival-nacional-de-la-salamanca-2023\/","title":{"rendered":"CON UNA IMPONENTE CARTELERA INICIAR\u00c1 LA 31\u00b0 EDICI\u00d3N DEL FESTIVAL NACIONAL DE LA SALAMANCA 2023"},"content":{"rendered":"\n<p>En la apertura del festival, el jueves 2 actuar\u00e1 Luciano Pereyra, Sergio Galleguillo, Peteco Carabajal, Bruno Arias, Arcanos del Desierto, Roxana Carabajal, Aldana Gonzales, Bande\u00f1as, Tanta, D\u00fao Arias-C\u00e1ceres, homenaje a Juan Carlos Carabajal, entre otros.<br>Cabe recordar que el Club Sarmiento abrir\u00e1 sus puertas a partir las 20 para que el p\u00fablico salamanquero pueda comenzar a disfrutar de la feria artesanal que tendr\u00e1 una amplia oferta de productos regionales. Adem\u00e1s de la presentaci\u00f3n especial de un patio de foodtrucks con una gran variedad de comida y cerveza artesanal.<br>Asimismo, se inform\u00f3 que la periodista Susana Saad ser\u00e1 la encargada de conducir las transmisiones en vivo que realizar\u00e1 la Televisi\u00f3n P\u00fablica durante las cuatro noches que dure el festival.<\/p>\n\n\n\n<figure class=\"wp-block-image size-full\"><a href=\"https:\/\/i0.wp.com\/elterritorialweb.com.ar\/web\/wp-content\/uploads\/2023\/02\/Screenshot_20221229-0105043.png\"><img data-recalc-dims=\"1\" decoding=\"async\" width=\"640\" height=\"738\" data-src=\"https:\/\/i0.wp.com\/elterritorialweb.com.ar\/web\/wp-content\/uploads\/2023\/02\/Screenshot_20221229-0105043.png?resize=640%2C738\" alt=\"\" class=\"wp-image-48516 lazyload\" data-srcset=\"https:\/\/i0.wp.com\/elterritorialweb.com.ar\/web\/wp-content\/uploads\/2023\/02\/Screenshot_20221229-0105043.png?w=720&amp;ssl=1 720w, https:\/\/i0.wp.com\/elterritorialweb.com.ar\/web\/wp-content\/uploads\/2023\/02\/Screenshot_20221229-0105043.png?resize=260%2C300&amp;ssl=1 260w\" data-sizes=\"(max-width: 640px) 100vw, 640px\" src=\"data:image\/svg+xml;base64,PHN2ZyB3aWR0aD0iMSIgaGVpZ2h0PSIxIiB4bWxucz0iaHR0cDovL3d3dy53My5vcmcvMjAwMC9zdmciPjwvc3ZnPg==\" style=\"--smush-placeholder-width: 640px; --smush-placeholder-aspect-ratio: 640\/738;\" \/><\/a><\/figure>\n","protected":false},"excerpt":{"rendered":"<p>Con una imponente cartelera de artistas locales y nacionales este jueves 2 iniciar\u00e1 la 31\u00b0 edici\u00f3n del Festival Nacional de La Salamanca, que tendr\u00e1 cuatro jornadas con lo mejor de la m\u00fasica popular en el escenario \u201cJacinto Piedra\u201d del Club Sarmiento en la ciudad de La Banda.<\/p>\n","protected":false},"author":2,"featured_media":33255,"comment_status":"open","ping_status":"open","sticky":false,"template":"","format":"standard","meta":{"om_disable_all_campaigns":false,"_monsterinsights_skip_tracking":false,"_monsterinsights_sitenote_active":false,"_monsterinsights_sitenote_note":"","_monsterinsights_sitenote_category":0,"_uf_show_specific_survey":0,"_uf_disable_surveys":false,"jetpack_post_was_ever_published":false,"_jetpack_newsletter_access":"","_jetpack_dont_email_post_to_subs":false,"_jetpack_newsletter_tier_id":0,"_jetpack_memberships_contains_paywalled_content":false,"_jetpack_memberships_contains_paid_content":false,"footnotes":"","jetpack_publicize_message":"","jetpack_publicize_feature_enabled":true,"jetpack_social_post_already_shared":false,"jetpack_social_options":{"image_generator_settings":{"template":"highway","default_image_id":0,"font":"","enabled":false},"version":2}},"categories":[9,4,20],"tags":[],"class_list":["post-48510","post","type-post","status-publish","format-standard","has-post-thumbnail","hentry","category-banda","category-destacadas","category-especysociales"],"aioseo_notices":[],"views":35,"jetpack_publicize_connections":[],"jetpack_featured_media_url":"https:\/\/i0.wp.com\/elterritorialweb.com.ar\/web\/wp-content\/uploads\/2022\/01\/Salamanca-1280x622-1.jpg?fit=1280%2C622&ssl=1","jetpack_sharing_enabled":true,"_links":{"self":[{"href":"https:\/\/elterritorialweb.com.ar\/web\/wp-json\/wp\/v2\/posts\/48510","targetHints":{"allow":["GET"]}}],"collection":[{"href":"https:\/\/elterritorialweb.com.ar\/web\/wp-json\/wp\/v2\/posts"}],"about":[{"href":"https:\/\/elterritorialweb.com.ar\/web\/wp-json\/wp\/v2\/types\/post"}],"author":[{"embeddable":true,"href":"https:\/\/elterritorialweb.com.ar\/web\/wp-json\/wp\/v2\/users\/2"}],"replies":[{"embeddable":true,"href":"https:\/\/elterritorialweb.com.ar\/web\/wp-json\/wp\/v2\/comments?post=48510"}],"version-history":[{"count":4,"href":"https:\/\/elterritorialweb.com.ar\/web\/wp-json\/wp\/v2\/posts\/48510\/revisions"}],"predecessor-version":[{"id":48521,"href":"https:\/\/elterritorialweb.com.ar\/web\/wp-json\/wp\/v2\/posts\/48510\/revisions\/48521"}],"wp:featuredmedia":[{"embeddable":true,"href":"https:\/\/elterritorialweb.com.ar\/web\/wp-json\/wp\/v2\/media\/33255"}],"wp:attachment":[{"href":"https:\/\/elterritorialweb.com.ar\/web\/wp-json\/wp\/v2\/media?parent=48510"}],"wp:term":[{"taxonomy":"category","embeddable":true,"href":"https:\/\/elterritorialweb.com.ar\/web\/wp-json\/wp\/v2\/categories?post=48510"},{"taxonomy":"post_tag","embeddable":true,"href":"https:\/\/elterritorialweb.com.ar\/web\/wp-json\/wp\/v2\/tags?post=48510"}],"curies":[{"name":"wp","href":"https:\/\/api.w.org\/{rel}","templated":true}]}}