{"id":48550,"date":"2023-02-03T14:32:47","date_gmt":"2023-02-03T14:32:47","guid":{"rendered":"http:\/\/elterritorialweb.com.ar\/web\/?p=48550"},"modified":"2023-02-03T14:36:48","modified_gmt":"2023-02-03T14:36:48","slug":"la-salamanca-vibro-en-la-primera-noche-de-su-31-edicion","status":"publish","type":"post","link":"https:\/\/elterritorialweb.com.ar\/web\/la-salamanca-vibro-en-la-primera-noche-de-su-31-edicion\/","title":{"rendered":"LA SALAMANCA VIBR\u00d3 EN LA PRIMERA NOCHE DE SU 31\u00b0 EDICI\u00d3N"},"content":{"rendered":"\n<p>La noche del jueves se visti\u00f3 de fiesta en el Club Sarmiento con la presentaci\u00f3n de una imponente cartelera que puso a bailar al p\u00fablico salamanquero con una amplia variedad de ritmos musicales que pudo disfrutarse en familia.<\/p>\n\n\n\n<figure class=\"wp-block-image size-large\"><a href=\"https:\/\/i0.wp.com\/elterritorialweb.com.ar\/web\/wp-content\/uploads\/2023\/02\/WhatsApp-Image-2023-02-03-at-07.45.39.jpeg\"><img data-recalc-dims=\"1\" decoding=\"async\" width=\"640\" height=\"426\" data-src=\"https:\/\/i0.wp.com\/elterritorialweb.com.ar\/web\/wp-content\/uploads\/2023\/02\/WhatsApp-Image-2023-02-03-at-07.45.39.jpeg?resize=640%2C426\" alt=\"\" class=\"wp-image-48552 lazyload\" data-srcset=\"https:\/\/i0.wp.com\/elterritorialweb.com.ar\/web\/wp-content\/uploads\/2023\/02\/WhatsApp-Image-2023-02-03-at-07.45.39.jpeg?resize=1024%2C682&amp;ssl=1 1024w, https:\/\/i0.wp.com\/elterritorialweb.com.ar\/web\/wp-content\/uploads\/2023\/02\/WhatsApp-Image-2023-02-03-at-07.45.39.jpeg?resize=300%2C200&amp;ssl=1 300w, https:\/\/i0.wp.com\/elterritorialweb.com.ar\/web\/wp-content\/uploads\/2023\/02\/WhatsApp-Image-2023-02-03-at-07.45.39.jpeg?resize=768%2C512&amp;ssl=1 768w, https:\/\/i0.wp.com\/elterritorialweb.com.ar\/web\/wp-content\/uploads\/2023\/02\/WhatsApp-Image-2023-02-03-at-07.45.39.jpeg?resize=1536%2C1023&amp;ssl=1 1536w, https:\/\/i0.wp.com\/elterritorialweb.com.ar\/web\/wp-content\/uploads\/2023\/02\/WhatsApp-Image-2023-02-03-at-07.45.39.jpeg?w=1600&amp;ssl=1 1600w, https:\/\/i0.wp.com\/elterritorialweb.com.ar\/web\/wp-content\/uploads\/2023\/02\/WhatsApp-Image-2023-02-03-at-07.45.39.jpeg?w=1280 1280w\" data-sizes=\"(max-width: 640px) 100vw, 640px\" src=\"data:image\/svg+xml;base64,PHN2ZyB3aWR0aD0iMSIgaGVpZ2h0PSIxIiB4bWxucz0iaHR0cDovL3d3dy53My5vcmcvMjAwMC9zdmciPjwvc3ZnPg==\" style=\"--smush-placeholder-width: 640px; --smush-placeholder-aspect-ratio: 640\/426;\" \/><\/a><\/figure>\n\n\n\n<p>El espect\u00e1culo comenz\u00f3 a las 21 con la presentaci\u00f3n del Ballet de Rosi D\u00edaz, Alicia Pereyra, Manuel Fernando y Karina Guzm\u00e1n, Jovita Subire, homenaje a \u00abChuli\u00bb Peralta, Aldana Gonzales, ganadores del Pre Salamanca, Las voces de hoy, Bruno Arias, Roxana Carabajal, Ballet Juan Saavedra, homenaje a Juan Carabajal, Salitral, Hugo More, Bande\u00f1as, \u201cPucho\u201d Achaval, Los del Vinalar, Sue\u00f1o Salamanquero, Misqui Simi, La brasita de mi chala, Jos\u00e9 Lazarte, Tanta y Sacheros Santiague\u00f1os.<\/p>\n\n\n\n<figure class=\"wp-block-image size-large\"><a href=\"https:\/\/i0.wp.com\/elterritorialweb.com.ar\/web\/wp-content\/uploads\/2023\/02\/WhatsApp-Image-2023-02-03-at-07.45.40.jpeg\"><img data-recalc-dims=\"1\" decoding=\"async\" width=\"640\" height=\"426\" data-src=\"https:\/\/i0.wp.com\/elterritorialweb.com.ar\/web\/wp-content\/uploads\/2023\/02\/WhatsApp-Image-2023-02-03-at-07.45.40.jpeg?resize=640%2C426\" alt=\"\" class=\"wp-image-48553 lazyload\" data-srcset=\"https:\/\/i0.wp.com\/elterritorialweb.com.ar\/web\/wp-content\/uploads\/2023\/02\/WhatsApp-Image-2023-02-03-at-07.45.40.jpeg?resize=1024%2C682&amp;ssl=1 1024w, https:\/\/i0.wp.com\/elterritorialweb.com.ar\/web\/wp-content\/uploads\/2023\/02\/WhatsApp-Image-2023-02-03-at-07.45.40.jpeg?resize=300%2C200&amp;ssl=1 300w, https:\/\/i0.wp.com\/elterritorialweb.com.ar\/web\/wp-content\/uploads\/2023\/02\/WhatsApp-Image-2023-02-03-at-07.45.40.jpeg?resize=768%2C512&amp;ssl=1 768w, https:\/\/i0.wp.com\/elterritorialweb.com.ar\/web\/wp-content\/uploads\/2023\/02\/WhatsApp-Image-2023-02-03-at-07.45.40.jpeg?resize=1536%2C1023&amp;ssl=1 1536w, https:\/\/i0.wp.com\/elterritorialweb.com.ar\/web\/wp-content\/uploads\/2023\/02\/WhatsApp-Image-2023-02-03-at-07.45.40.jpeg?w=1600&amp;ssl=1 1600w, https:\/\/i0.wp.com\/elterritorialweb.com.ar\/web\/wp-content\/uploads\/2023\/02\/WhatsApp-Image-2023-02-03-at-07.45.40.jpeg?w=1280 1280w\" data-sizes=\"(max-width: 640px) 100vw, 640px\" src=\"data:image\/svg+xml;base64,PHN2ZyB3aWR0aD0iMSIgaGVpZ2h0PSIxIiB4bWxucz0iaHR0cDovL3d3dy53My5vcmcvMjAwMC9zdmciPjwvc3ZnPg==\" style=\"--smush-placeholder-width: 640px; --smush-placeholder-aspect-ratio: 640\/426;\" \/><\/a><\/figure>\n\n\n\n<p>A trav\u00e9s de conferencia de prensa, Luciano Pereyra, manifest\u00f3: \u00abMuy agradecido con la organizaci\u00f3n por la convocatoria a otro a\u00f1o consecutivo a este hermoso festival donde siempre me reciben con mucho amor. Es un placer volver a La Banda y pisar este escenario un a\u00f1o m\u00e1s y sentir el c\u00e1lido recibimiento de este hermoso p\u00fablico que siempre me muestra su gran cari\u00f1o y me hace sentir muy querido y reconocido\u00bb.<br>Por su parte,<\/p>\n\n\n\n<figure class=\"wp-block-image size-large\"><a href=\"https:\/\/i0.wp.com\/elterritorialweb.com.ar\/web\/wp-content\/uploads\/2023\/02\/WhatsApp-Image-2023-02-03-at-07.45.41.jpeg\"><img data-recalc-dims=\"1\" decoding=\"async\" width=\"640\" height=\"426\" data-src=\"https:\/\/i0.wp.com\/elterritorialweb.com.ar\/web\/wp-content\/uploads\/2023\/02\/WhatsApp-Image-2023-02-03-at-07.45.41.jpeg?resize=640%2C426\" alt=\"\" class=\"wp-image-48554 lazyload\" data-srcset=\"https:\/\/i0.wp.com\/elterritorialweb.com.ar\/web\/wp-content\/uploads\/2023\/02\/WhatsApp-Image-2023-02-03-at-07.45.41.jpeg?resize=1024%2C682&amp;ssl=1 1024w, https:\/\/i0.wp.com\/elterritorialweb.com.ar\/web\/wp-content\/uploads\/2023\/02\/WhatsApp-Image-2023-02-03-at-07.45.41.jpeg?resize=300%2C200&amp;ssl=1 300w, https:\/\/i0.wp.com\/elterritorialweb.com.ar\/web\/wp-content\/uploads\/2023\/02\/WhatsApp-Image-2023-02-03-at-07.45.41.jpeg?resize=768%2C512&amp;ssl=1 768w, https:\/\/i0.wp.com\/elterritorialweb.com.ar\/web\/wp-content\/uploads\/2023\/02\/WhatsApp-Image-2023-02-03-at-07.45.41.jpeg?resize=1536%2C1023&amp;ssl=1 1536w, https:\/\/i0.wp.com\/elterritorialweb.com.ar\/web\/wp-content\/uploads\/2023\/02\/WhatsApp-Image-2023-02-03-at-07.45.41.jpeg?w=1600&amp;ssl=1 1600w, https:\/\/i0.wp.com\/elterritorialweb.com.ar\/web\/wp-content\/uploads\/2023\/02\/WhatsApp-Image-2023-02-03-at-07.45.41.jpeg?w=1280 1280w\" data-sizes=\"(max-width: 640px) 100vw, 640px\" src=\"data:image\/svg+xml;base64,PHN2ZyB3aWR0aD0iMSIgaGVpZ2h0PSIxIiB4bWxucz0iaHR0cDovL3d3dy53My5vcmcvMjAwMC9zdmciPjwvc3ZnPg==\" style=\"--smush-placeholder-width: 640px; --smush-placeholder-aspect-ratio: 640\/426;\" \/><\/a><\/figure>\n\n\n\n<p> Sergio Galleguillo, indic\u00f3: \u201cEsperamos mantener viva la capacidad de transmitir y llevar nuestra m\u00fasica a las nuevas generaciones para buscar nuevos poetas, nuevos m\u00fasicos y cantores y en especial en esta tierra, Santiago del estero es cuna del folclore argentino. Yo siento la responsabilidad grande llevar la chaya a los distintos rincones del pa\u00eds y lo disfruto much\u00edsimo, en especial en este escenario y con este p\u00fablico que transmite tanta alegr\u00eda\u201d.<\/p>\n\n\n\n<p><strong>Ganadores<\/strong><\/p>\n\n\n\n<p>Tal como fue anunciado previamente, la Comisi\u00f3n Organizadora quiso recompensar la participaci\u00f3n del p\u00fablico salamanquero con el sorteo de $20.000 y una motocicleta 110 CC entre quienes hab\u00eda adquirido entradas f\u00edsicas. Del mismo resultaron ganadores de la moto el n\u00famero 0515158 y del dinero el 0515017.<br>Quienes resultaron beneficiados deber\u00e1n presentarse en Escriban\u00eda Municipal sita en el Palacio Municipal de 10 a 13 con su entrada y documento de identidad hasta el viernes 4.<\/p>\n","protected":false},"excerpt":{"rendered":"<p>La primera noche del Festival Nacional de La Salamanca convoc\u00f3 a miles de espectadores que vivieron una verdadera fiesta al ritmo de Luciano Pereyra, Sergio Galleguillo, Peteco Carabajal, Huguito Flores, La T y la M, Roxana Carabajal, Bruno Arias, Arcanos del Desierto, entre otros.<\/p>\n","protected":false},"author":2,"featured_media":48551,"comment_status":"open","ping_status":"open","sticky":false,"template":"","format":"standard","meta":{"om_disable_all_campaigns":false,"_monsterinsights_skip_tracking":false,"_monsterinsights_sitenote_active":false,"_monsterinsights_sitenote_note":"","_monsterinsights_sitenote_category":0,"_uf_show_specific_survey":0,"_uf_disable_surveys":false,"jetpack_post_was_ever_published":false,"_jetpack_newsletter_access":"","_jetpack_dont_email_post_to_subs":false,"_jetpack_newsletter_tier_id":0,"_jetpack_memberships_contains_paywalled_content":false,"_jetpack_memberships_contains_paid_content":false,"footnotes":"","jetpack_publicize_message":"","jetpack_publicize_feature_enabled":true,"jetpack_social_post_already_shared":false,"jetpack_social_options":{"image_generator_settings":{"template":"highway","default_image_id":0,"font":"","enabled":false},"version":2}},"categories":[9,4,20],"tags":[],"class_list":["post-48550","post","type-post","status-publish","format-standard","has-post-thumbnail","hentry","category-banda","category-destacadas","category-especysociales"],"aioseo_notices":[],"views":13,"jetpack_publicize_connections":[],"jetpack_featured_media_url":"https:\/\/i0.wp.com\/elterritorialweb.com.ar\/web\/wp-content\/uploads\/2023\/02\/WhatsApp-Image-2023-02-03-at-07.44.24.jpeg?fit=1600%2C900&ssl=1","jetpack_sharing_enabled":true,"_links":{"self":[{"href":"https:\/\/elterritorialweb.com.ar\/web\/wp-json\/wp\/v2\/posts\/48550","targetHints":{"allow":["GET"]}}],"collection":[{"href":"https:\/\/elterritorialweb.com.ar\/web\/wp-json\/wp\/v2\/posts"}],"about":[{"href":"https:\/\/elterritorialweb.com.ar\/web\/wp-json\/wp\/v2\/types\/post"}],"author":[{"embeddable":true,"href":"https:\/\/elterritorialweb.com.ar\/web\/wp-json\/wp\/v2\/users\/2"}],"replies":[{"embeddable":true,"href":"https:\/\/elterritorialweb.com.ar\/web\/wp-json\/wp\/v2\/comments?post=48550"}],"version-history":[{"count":1,"href":"https:\/\/elterritorialweb.com.ar\/web\/wp-json\/wp\/v2\/posts\/48550\/revisions"}],"predecessor-version":[{"id":48555,"href":"https:\/\/elterritorialweb.com.ar\/web\/wp-json\/wp\/v2\/posts\/48550\/revisions\/48555"}],"wp:featuredmedia":[{"embeddable":true,"href":"https:\/\/elterritorialweb.com.ar\/web\/wp-json\/wp\/v2\/media\/48551"}],"wp:attachment":[{"href":"https:\/\/elterritorialweb.com.ar\/web\/wp-json\/wp\/v2\/media?parent=48550"}],"wp:term":[{"taxonomy":"category","embeddable":true,"href":"https:\/\/elterritorialweb.com.ar\/web\/wp-json\/wp\/v2\/categories?post=48550"},{"taxonomy":"post_tag","embeddable":true,"href":"https:\/\/elterritorialweb.com.ar\/web\/wp-json\/wp\/v2\/tags?post=48550"}],"curies":[{"name":"wp","href":"https:\/\/api.w.org\/{rel}","templated":true}]}}