{"id":48560,"date":"2023-02-03T14:58:09","date_gmt":"2023-02-03T14:58:09","guid":{"rendered":"http:\/\/elterritorialweb.com.ar\/web\/?p=48560"},"modified":"2023-02-03T14:58:10","modified_gmt":"2023-02-03T14:58:10","slug":"la-capital-continua-con-la-formacion-de-su-personal-en-la-tematica-de-genero","status":"publish","type":"post","link":"https:\/\/elterritorialweb.com.ar\/web\/la-capital-continua-con-la-formacion-de-su-personal-en-la-tematica-de-genero\/","title":{"rendered":"LA CAPITAL CONTIN\u00daA CON LA FORMACI\u00d3N DE SU PERSONAL EN LA TEMATICA DE G\u00c9NERO"},"content":{"rendered":"\n<p>La propuesta, enmarcada en un convenio oportunamente firmado con el Ministerio de Trabajo, Empleo y Seguridad Social de la Naci\u00f3n, busca generar estrategias de sensibilizaci\u00f3n que permitan la construcci\u00f3n de v\u00ednculos responsables y diversos para prevenir la violencia contra las mujeres y diversidades sexuales.<br>Posteriormente, los agentes municipales transmitir\u00e1n estos contenidos a los titulares del programa Fomentar Empleo que participen del Taller de Orientaci\u00f3n Laboral que se desarrollar\u00e1 a partir de marzo con el prop\u00f3sito de mejorar su empleabilidad y promover alternativas de inserci\u00f3n laboral.<\/p>\n\n\n\n<p>Los interesados ya pueden inscribirse al programa en el sitio<a href=\"https:\/\/www.portalempleo.gob.ar\/\" data-type=\"URL\" data-id=\"https:\/\/www.portalempleo.gob.ar\/\"> www.portalempleo.gob.ar<\/a> o dirigirse a la Oficina de Empleo Capital ubicada en Absal\u00f3n Rojas 248, en el horario de 8 a 13. Tambi\u00e9n pueden comunicarse al tel\u00e9fono 6019915, por mensajes de texto al 3855146384 o a trav\u00e9s de las redes sociales, en facebook Desarrollo Social Municipal o por instagram: direcci\u00f3n.desarrollo.sde<\/p>\n","protected":false},"excerpt":{"rendered":"<p>La Direcci\u00f3n de Desarrollo Social de la Municipalidad de la Capital se aboca a la formaci\u00f3n del Equipo T\u00e9cnico Municipal perteneciente a la Oficina de Empleo Capital con capacitaciones sobre perspectiva de g\u00e9nero y prevenci\u00f3n de la violencia por motivos de g\u00e9nero a cargo de profesionales de la Direcci\u00f3n Provincial de de G\u00e9nero.<\/p>\n","protected":false},"author":2,"featured_media":48561,"comment_status":"open","ping_status":"open","sticky":false,"template":"","format":"standard","meta":{"om_disable_all_campaigns":false,"_monsterinsights_skip_tracking":false,"_monsterinsights_sitenote_active":false,"_monsterinsights_sitenote_note":"","_monsterinsights_sitenote_category":0,"_uf_show_specific_survey":0,"_uf_disable_surveys":false,"jetpack_post_was_ever_published":false,"_jetpack_newsletter_access":"","_jetpack_dont_email_post_to_subs":false,"_jetpack_newsletter_tier_id":0,"_jetpack_memberships_contains_paywalled_content":false,"_jetpack_memberships_contains_paid_content":false,"footnotes":"","jetpack_publicize_message":"","jetpack_publicize_feature_enabled":true,"jetpack_social_post_already_shared":false,"jetpack_social_options":{"image_generator_settings":{"template":"highway","default_image_id":0,"font":"","enabled":false},"version":2}},"categories":[21],"tags":[],"class_list":["post-48560","post","type-post","status-publish","format-standard","has-post-thumbnail","hentry","category-locales"],"aioseo_notices":[],"views":14,"jetpack_publicize_connections":[],"jetpack_featured_media_url":"https:\/\/i0.wp.com\/elterritorialweb.com.ar\/web\/wp-content\/uploads\/2023\/02\/formacion.jpg?fit=1280%2C853&ssl=1","jetpack_sharing_enabled":true,"_links":{"self":[{"href":"https:\/\/elterritorialweb.com.ar\/web\/wp-json\/wp\/v2\/posts\/48560","targetHints":{"allow":["GET"]}}],"collection":[{"href":"https:\/\/elterritorialweb.com.ar\/web\/wp-json\/wp\/v2\/posts"}],"about":[{"href":"https:\/\/elterritorialweb.com.ar\/web\/wp-json\/wp\/v2\/types\/post"}],"author":[{"embeddable":true,"href":"https:\/\/elterritorialweb.com.ar\/web\/wp-json\/wp\/v2\/users\/2"}],"replies":[{"embeddable":true,"href":"https:\/\/elterritorialweb.com.ar\/web\/wp-json\/wp\/v2\/comments?post=48560"}],"version-history":[{"count":1,"href":"https:\/\/elterritorialweb.com.ar\/web\/wp-json\/wp\/v2\/posts\/48560\/revisions"}],"predecessor-version":[{"id":48562,"href":"https:\/\/elterritorialweb.com.ar\/web\/wp-json\/wp\/v2\/posts\/48560\/revisions\/48562"}],"wp:featuredmedia":[{"embeddable":true,"href":"https:\/\/elterritorialweb.com.ar\/web\/wp-json\/wp\/v2\/media\/48561"}],"wp:attachment":[{"href":"https:\/\/elterritorialweb.com.ar\/web\/wp-json\/wp\/v2\/media?parent=48560"}],"wp:term":[{"taxonomy":"category","embeddable":true,"href":"https:\/\/elterritorialweb.com.ar\/web\/wp-json\/wp\/v2\/categories?post=48560"},{"taxonomy":"post_tag","embeddable":true,"href":"https:\/\/elterritorialweb.com.ar\/web\/wp-json\/wp\/v2\/tags?post=48560"}],"curies":[{"name":"wp","href":"https:\/\/api.w.org\/{rel}","templated":true}]}}