{"id":48566,"date":"2023-02-03T22:32:52","date_gmt":"2023-02-03T22:32:52","guid":{"rendered":"http:\/\/elterritorialweb.com.ar\/web\/?p=48566"},"modified":"2023-02-03T22:32:53","modified_gmt":"2023-02-03T22:32:53","slug":"la-salamanca-recibira-en-la-noche-del-viernes-4-a-rusherking-karina-y-los-tekis","status":"publish","type":"post","link":"https:\/\/elterritorialweb.com.ar\/web\/la-salamanca-recibira-en-la-noche-del-viernes-4-a-rusherking-karina-y-los-tekis\/","title":{"rendered":"LA SALAMANCA RECIBIR\u00c1 EN LA NOCHE DEL VIERNES 4 A RUSHERKING, KARINA Y LOS TEKIS"},"content":{"rendered":"\n<p>La Comisi\u00f3n Organizadora anticip\u00f3 que la segunda noche del festival tendr\u00e1 una gran convocatoria con una cartelera que promete atraer a un p\u00fablico de todas las edades con la presentaci\u00f3n del trapero Rusherking, Karina \u00abLa princesita\u00bb, Los Tekis, Los Carabajal, N\u00e9stor Garnica, Marcelo Toledo, Alejandro Veliz, Sacha Guitarras Atamisque\u00f1as, Ram\u00f3n \u00c1lvarez, Sof\u00eda As\u00eds, Avenida Folk, Armandito Santill\u00e1n, Sombrita Algarrobera, Nico Rodr\u00edguez, \u00c1ridos del Estero, Carlos Roldan, Luisa Galv\u00e1n, Los Alfiles, Miel de Palo, Paycuna, Franco Lescano y Ballet Ciudad de La Banda.<br>Asimismo, se indic\u00f3 que contin\u00faan habilitados los puntos de venta de entradas f\u00edsicas en el Cine Teatro Renzi y Rentas Municipal en la ciudad de La Banda de 9 a 12 y de 17 a 21 y en \u201cR\u00fasticos\u201d Local 3 de la Galer\u00eda Plaza Mayor en Ciudad Capital de 9 a 12 y de 18 a 22.<br>El valor de las entradas f\u00edsicas es de 3000 para campo y 5000 para plateas. Las personas con discapacidad tendr\u00e1n acceso gratuito solicitando su entrada f\u00edsica hasta el s\u00e1bado 4 en la Direcci\u00f3n de Discapacidad Municipal en Arist\u00f3bulo del Valle 640 de 8 a 12, en donde deber\u00e1n presentar Certificado \u00danico de Discapacidad vigente y DNI, con cupos limitados.<\/p>\n\n\n\n<figure class=\"wp-block-image size-large\"><a href=\"https:\/\/i0.wp.com\/elterritorialweb.com.ar\/web\/wp-content\/uploads\/2023\/02\/WhatsApp-Image-2023-02-03-at-07.45.42.jpeg\"><img data-recalc-dims=\"1\" decoding=\"async\" width=\"640\" height=\"800\" data-src=\"https:\/\/i0.wp.com\/elterritorialweb.com.ar\/web\/wp-content\/uploads\/2023\/02\/WhatsApp-Image-2023-02-03-at-07.45.42.jpeg?resize=640%2C800\" alt=\"\" class=\"wp-image-48568 lazyload\" data-srcset=\"https:\/\/i0.wp.com\/elterritorialweb.com.ar\/web\/wp-content\/uploads\/2023\/02\/WhatsApp-Image-2023-02-03-at-07.45.42.jpeg?resize=819%2C1024&amp;ssl=1 819w, https:\/\/i0.wp.com\/elterritorialweb.com.ar\/web\/wp-content\/uploads\/2023\/02\/WhatsApp-Image-2023-02-03-at-07.45.42.jpeg?resize=240%2C300&amp;ssl=1 240w, https:\/\/i0.wp.com\/elterritorialweb.com.ar\/web\/wp-content\/uploads\/2023\/02\/WhatsApp-Image-2023-02-03-at-07.45.42.jpeg?resize=768%2C960&amp;ssl=1 768w, https:\/\/i0.wp.com\/elterritorialweb.com.ar\/web\/wp-content\/uploads\/2023\/02\/WhatsApp-Image-2023-02-03-at-07.45.42.jpeg?w=1024&amp;ssl=1 1024w\" data-sizes=\"(max-width: 640px) 100vw, 640px\" src=\"data:image\/svg+xml;base64,PHN2ZyB3aWR0aD0iMSIgaGVpZ2h0PSIxIiB4bWxucz0iaHR0cDovL3d3dy53My5vcmcvMjAwMC9zdmciPjwvc3ZnPg==\" style=\"--smush-placeholder-width: 640px; --smush-placeholder-aspect-ratio: 640\/800;\" \/><\/a><\/figure>\n","protected":false},"excerpt":{"rendered":"<p>Con una grilla para todos, llega la segunda noche del Festival en el club Sarmiento de La Banda.<\/p>\n","protected":false},"author":2,"featured_media":48567,"comment_status":"open","ping_status":"open","sticky":false,"template":"","format":"standard","meta":{"om_disable_all_campaigns":false,"_monsterinsights_skip_tracking":false,"_monsterinsights_sitenote_active":false,"_monsterinsights_sitenote_note":"","_monsterinsights_sitenote_category":0,"_uf_show_specific_survey":0,"_uf_disable_surveys":false,"jetpack_post_was_ever_published":false,"_jetpack_newsletter_access":"","_jetpack_dont_email_post_to_subs":false,"_jetpack_newsletter_tier_id":0,"_jetpack_memberships_contains_paywalled_content":false,"_jetpack_memberships_contains_paid_content":false,"footnotes":"","jetpack_publicize_message":"","jetpack_publicize_feature_enabled":true,"jetpack_social_post_already_shared":false,"jetpack_social_options":{"image_generator_settings":{"template":"highway","default_image_id":0,"font":"","enabled":false},"version":2}},"categories":[9,4,20],"tags":[],"class_list":["post-48566","post","type-post","status-publish","format-standard","has-post-thumbnail","hentry","category-banda","category-destacadas","category-especysociales"],"aioseo_notices":[],"views":18,"jetpack_publicize_connections":[],"jetpack_featured_media_url":"https:\/\/i0.wp.com\/elterritorialweb.com.ar\/web\/wp-content\/uploads\/2023\/02\/image.png?fit=900%2C900&ssl=1","jetpack_sharing_enabled":true,"_links":{"self":[{"href":"https:\/\/elterritorialweb.com.ar\/web\/wp-json\/wp\/v2\/posts\/48566","targetHints":{"allow":["GET"]}}],"collection":[{"href":"https:\/\/elterritorialweb.com.ar\/web\/wp-json\/wp\/v2\/posts"}],"about":[{"href":"https:\/\/elterritorialweb.com.ar\/web\/wp-json\/wp\/v2\/types\/post"}],"author":[{"embeddable":true,"href":"https:\/\/elterritorialweb.com.ar\/web\/wp-json\/wp\/v2\/users\/2"}],"replies":[{"embeddable":true,"href":"https:\/\/elterritorialweb.com.ar\/web\/wp-json\/wp\/v2\/comments?post=48566"}],"version-history":[{"count":1,"href":"https:\/\/elterritorialweb.com.ar\/web\/wp-json\/wp\/v2\/posts\/48566\/revisions"}],"predecessor-version":[{"id":48569,"href":"https:\/\/elterritorialweb.com.ar\/web\/wp-json\/wp\/v2\/posts\/48566\/revisions\/48569"}],"wp:featuredmedia":[{"embeddable":true,"href":"https:\/\/elterritorialweb.com.ar\/web\/wp-json\/wp\/v2\/media\/48567"}],"wp:attachment":[{"href":"https:\/\/elterritorialweb.com.ar\/web\/wp-json\/wp\/v2\/media?parent=48566"}],"wp:term":[{"taxonomy":"category","embeddable":true,"href":"https:\/\/elterritorialweb.com.ar\/web\/wp-json\/wp\/v2\/categories?post=48566"},{"taxonomy":"post_tag","embeddable":true,"href":"https:\/\/elterritorialweb.com.ar\/web\/wp-json\/wp\/v2\/tags?post=48566"}],"curies":[{"name":"wp","href":"https:\/\/api.w.org\/{rel}","templated":true}]}}