{"id":48570,"date":"2023-02-03T22:40:17","date_gmt":"2023-02-03T22:40:17","guid":{"rendered":"http:\/\/elterritorialweb.com.ar\/web\/?p=48570"},"modified":"2023-02-03T22:40:17","modified_gmt":"2023-02-03T22:40:17","slug":"massa-anuncio-la-ampliacion-del-programa-precios-justos-la-infacion-es-el-peor-veneno-que-tiene-la-economia","status":"publish","type":"post","link":"https:\/\/elterritorialweb.com.ar\/web\/massa-anuncio-la-ampliacion-del-programa-precios-justos-la-infacion-es-el-peor-veneno-que-tiene-la-economia\/","title":{"rendered":"MASSA ANUNCI\u00d3 LA AMPLIACI\u00d3N DEL PROGRAMA PRECIOS JUSTOS: \u00abLA INFACI\u00d3N ES EL PEOR VENENO QUE TIENE LA ECONOM\u00cdA\u00bb"},"content":{"rendered":"\n<p>El ministro de Econom\u00eda,\u00a0<strong>Sergio Massa<\/strong>, anunci\u00f3 la ampliaci\u00f3n del programa Precios Justos hasta junio, con la novedad de que\u00a0<strong>entran en el acuerdo la canasta escolar y el precio de todas las escuelas privadas del pa\u00eds<\/strong>, con un tope de aumento del 3.5%.<strong>\u00a0\u00abLa inflaci\u00f3n es un veneno para la econom\u00eda\u00bb<\/strong>, manifest\u00f3.<\/p>\n\n\n\n<p><strong>\u00abLa inflaci\u00f3n es el peor veneno que tiene una econom\u00eda, p\u00e9rdida de valor de moneda, es p\u00e9rdida de valor de activo de patrimonio y significa que no hay reglas\u00bb<\/strong>, afirm\u00f3 Massa durante la conferencia.<\/p>\n\n\n\n<p>El acto se llev\u00f3 a cabo a en el Centro Cultural Kirchner (CCK) con la presencia del secretario de Comercio,<strong>\u00a0Mat\u00edas Tombolini<\/strong>, y el presidente de Coordinadora de las Industrias de Productos Alimenticios (Copal) y de la Uni\u00f3n Industrial Argentina (UIA),\u00a0<strong>Daniel Funes de Rioja<\/strong>, entre otros funcionarios y empresarios.<\/p>\n\n\n\n<figure class=\"wp-block-image size-full is-resized\"><a href=\"https:\/\/i0.wp.com\/elterritorialweb.com.ar\/web\/wp-content\/uploads\/2023\/02\/image-2.png\"><img data-recalc-dims=\"1\" decoding=\"async\" data-src=\"https:\/\/i0.wp.com\/elterritorialweb.com.ar\/web\/wp-content\/uploads\/2023\/02\/image-2.png?resize=640%2C427\" alt=\"\" class=\"wp-image-48572 lazyload\" width=\"640\" height=\"427\" data-srcset=\"https:\/\/i0.wp.com\/elterritorialweb.com.ar\/web\/wp-content\/uploads\/2023\/02\/image-2.png?w=680&amp;ssl=1 680w, https:\/\/i0.wp.com\/elterritorialweb.com.ar\/web\/wp-content\/uploads\/2023\/02\/image-2.png?resize=300%2C200&amp;ssl=1 300w\" data-sizes=\"(max-width: 640px) 100vw, 640px\" src=\"data:image\/svg+xml;base64,PHN2ZyB3aWR0aD0iMSIgaGVpZ2h0PSIxIiB4bWxucz0iaHR0cDovL3d3dy53My5vcmcvMjAwMC9zdmciPjwvc3ZnPg==\" style=\"--smush-placeholder-width: 640px; --smush-placeholder-aspect-ratio: 640\/427;\" \/><\/a><\/figure>\n\n\n\n<p>En ese sentido, sobre la nueva expectativa ante la extensi\u00f3n del programa, Tombolini explico que \u00abconforme se fueron cumpliendo las metas, incorporando sectores de la econom\u00eda aparecieron nuevos desaf\u00edos.\u00a0<strong>Esta pauta del 3.2 por ciento mensual hasta el mes de junio, es un objetivo que busca moderar las expectativas de la inflaci\u00f3n para mejorar el poder de compra de quien vive en un sueldo<\/strong>\u00ab.<\/p>\n\n\n\n<p>\u00abHay casi<strong>&nbsp;50 mil productos<\/strong>, que del primero del febrero al 30 de junio van aumentar solo el 3.2% mensual.&nbsp;<strong>Hay 2 mil productos que van a seguir teniendo plazo fijo<\/strong>, lo que le permite al consumidor su ingreso, su salario a la hora de elegir en la g\u00f3ndola del supermercado\u00bb, anunci\u00f3 el ministro de Econom\u00eda.<\/p>\n\n\n\n<p>Este relanzamiento del programa adelanta a febrero los lineamientos centrales del acuerdo anunciado en noviembre del a\u00f1o pasado, que en principio se iba a extender hasta marzo, en el que se estipulaba un promedio de aumento mensual del 4% con la participaci\u00f3n de 102 empresas.<\/p>\n\n\n\n<p>Desde el Ministerio de Econom\u00eda se\u00f1alaron que la decisi\u00f3n de adelantar los acuerdos se dio luego de una evaluaci\u00f3n de las metas fiscales y de acumulaci\u00f3n de reservas, al entender que est\u00e1n dadas las condiciones para homogeneizar todos los acuerdos en el marco de un sendero promedio y ampliando la participaci\u00f3n de sectores y empresas.<\/p>\n\n\n\n<p>Esta vez los n\u00fameros son m\u00e1s ambiciosos:&nbsp;<strong>el promedio de aumento de los productos baja al 3,2% mensual en lugar de 4%, y la cantidad de empresas se quintuplicar\u00e1 pasando a casi 500.<\/strong><\/p>\n","protected":false},"excerpt":{"rendered":"<p>El ministro de Econom\u00eda a\u00f1adi\u00f3 que las escuelas privadas entrar\u00e1n en el acuerdo con un tope de 3.5% de aumento. Estuvo acompa\u00f1ado por el secretario de Comercio, Mat\u00edas Tombolini y el presidente de la Uni\u00f3n Industrial Argentina (UIA), Daniel Funes de Rioja.<\/p>\n","protected":false},"author":2,"featured_media":48571,"comment_status":"open","ping_status":"open","sticky":false,"template":"","format":"standard","meta":{"om_disable_all_campaigns":false,"_monsterinsights_skip_tracking":false,"_monsterinsights_sitenote_active":false,"_monsterinsights_sitenote_note":"","_monsterinsights_sitenote_category":0,"_uf_show_specific_survey":0,"_uf_disable_surveys":false,"jetpack_post_was_ever_published":false,"_jetpack_newsletter_access":"","_jetpack_dont_email_post_to_subs":false,"_jetpack_newsletter_tier_id":0,"_jetpack_memberships_contains_paywalled_content":false,"_jetpack_memberships_contains_paid_content":false,"footnotes":"","jetpack_publicize_message":"","jetpack_publicize_feature_enabled":true,"jetpack_social_post_already_shared":false,"jetpack_social_options":{"image_generator_settings":{"template":"highway","default_image_id":0,"font":"","enabled":false},"version":2}},"categories":[4,2],"tags":[],"class_list":["post-48570","post","type-post","status-publish","format-standard","has-post-thumbnail","hentry","category-destacadas","category-economia"],"aioseo_notices":[],"views":25,"jetpack_publicize_connections":[],"jetpack_featured_media_url":"https:\/\/i0.wp.com\/elterritorialweb.com.ar\/web\/wp-content\/uploads\/2023\/02\/image-1.png?fit=680%2C453&ssl=1","jetpack_sharing_enabled":true,"_links":{"self":[{"href":"https:\/\/elterritorialweb.com.ar\/web\/wp-json\/wp\/v2\/posts\/48570","targetHints":{"allow":["GET"]}}],"collection":[{"href":"https:\/\/elterritorialweb.com.ar\/web\/wp-json\/wp\/v2\/posts"}],"about":[{"href":"https:\/\/elterritorialweb.com.ar\/web\/wp-json\/wp\/v2\/types\/post"}],"author":[{"embeddable":true,"href":"https:\/\/elterritorialweb.com.ar\/web\/wp-json\/wp\/v2\/users\/2"}],"replies":[{"embeddable":true,"href":"https:\/\/elterritorialweb.com.ar\/web\/wp-json\/wp\/v2\/comments?post=48570"}],"version-history":[{"count":1,"href":"https:\/\/elterritorialweb.com.ar\/web\/wp-json\/wp\/v2\/posts\/48570\/revisions"}],"predecessor-version":[{"id":48573,"href":"https:\/\/elterritorialweb.com.ar\/web\/wp-json\/wp\/v2\/posts\/48570\/revisions\/48573"}],"wp:featuredmedia":[{"embeddable":true,"href":"https:\/\/elterritorialweb.com.ar\/web\/wp-json\/wp\/v2\/media\/48571"}],"wp:attachment":[{"href":"https:\/\/elterritorialweb.com.ar\/web\/wp-json\/wp\/v2\/media?parent=48570"}],"wp:term":[{"taxonomy":"category","embeddable":true,"href":"https:\/\/elterritorialweb.com.ar\/web\/wp-json\/wp\/v2\/categories?post=48570"},{"taxonomy":"post_tag","embeddable":true,"href":"https:\/\/elterritorialweb.com.ar\/web\/wp-json\/wp\/v2\/tags?post=48570"}],"curies":[{"name":"wp","href":"https:\/\/api.w.org\/{rel}","templated":true}]}}