{"id":48574,"date":"2023-02-04T02:10:33","date_gmt":"2023-02-04T02:10:33","guid":{"rendered":"http:\/\/elterritorialweb.com.ar\/web\/?p=48574"},"modified":"2023-02-04T02:10:34","modified_gmt":"2023-02-04T02:10:34","slug":"mira-en-vivo-la-segunda-noche-del-festival-de-la-salamanca","status":"publish","type":"post","link":"https:\/\/elterritorialweb.com.ar\/web\/mira-en-vivo-la-segunda-noche-del-festival-de-la-salamanca\/","title":{"rendered":"MIRA EN VIVO LA SEGUNDA NOCHE DEL FESTIVAL DE LA SALAMANCA"},"content":{"rendered":"\n<p>La edici\u00f3n&nbsp;<strong>2023&nbsp;<\/strong>del&nbsp;<strong>Festival Nacional de<\/strong>&nbsp;<strong>La Salamanca<\/strong>&nbsp;arranc\u00f3 este jueves en el&nbsp;<strong>Club Sarmiento en la ciudad de La Banda<\/strong>&nbsp;con un rotundo&nbsp;<strong>\u00e9xito<\/strong>.&nbsp;<\/p>\n\n\n\n<p>Luciano Pereyra, Sergio Galleguillo, Peteco Carabajal, La T y la M entre otros, llenaron de alegr\u00eda al p\u00fablico presente y se vivieron momentos de profunda emoci\u00f3n, en los homenajes a \u201cChuli\u201d Peralta y a Don Juan Carlos Carabajal.\u00a0<\/p>\n\n\n\n<p>Para esta segunda noche,&nbsp;<strong>Los Tekis, Nestor Garnica, Karina, Rusherking, Las Sachaguitarras Atamishque\u00f1as, Alejandro Veliz&nbsp;<\/strong>y mucho m\u00e1s, har\u00e1n vibrar al&nbsp;<strong>Jacinto Piedra<\/strong>&nbsp;y se espera una masiva concurrencia del p\u00fablico.&nbsp;<\/p>\n\n\n\n<p>Disfrut\u00e1 la segunda noche&nbsp;<strong>en vivo:<\/strong>&nbsp;&nbsp;<\/p>\n\n\n\n<figure class=\"wp-block-embed is-type-video is-provider-youtube wp-block-embed-youtube wp-embed-aspect-16-9 wp-has-aspect-ratio\"><div class=\"wp-block-embed__wrapper\">\n<iframe title=\"Festival de la Salamanca - Viernes 03\/02\/2023\" width=\"640\" height=\"360\" data-src=\"https:\/\/www.youtube.com\/embed\/U3PSVEp4Va8?feature=oembed\" frameborder=\"0\" allow=\"accelerometer; autoplay; clipboard-write; encrypted-media; gyroscope; picture-in-picture; web-share\" referrerpolicy=\"strict-origin-when-cross-origin\" allowfullscreen src=\"data:image\/svg+xml;base64,PHN2ZyB3aWR0aD0iMSIgaGVpZ2h0PSIxIiB4bWxucz0iaHR0cDovL3d3dy53My5vcmcvMjAwMC9zdmciPjwvc3ZnPg==\" class=\"lazyload\" data-load-mode=\"1\"><\/iframe>\n<\/div><\/figure>\n","protected":false},"excerpt":{"rendered":"<p>Nestor Garnica, Las Sachaguitarras Atamishque\u00f1as, Alejandro Veliz y mucho m\u00e1s, har\u00e1n vibrar al Jacinto Piedra.<\/p>\n","protected":false},"author":2,"featured_media":48575,"comment_status":"open","ping_status":"open","sticky":false,"template":"","format":"standard","meta":{"om_disable_all_campaigns":false,"_monsterinsights_skip_tracking":false,"_monsterinsights_sitenote_active":false,"_monsterinsights_sitenote_note":"","_monsterinsights_sitenote_category":0,"_uf_show_specific_survey":0,"_uf_disable_surveys":false,"jetpack_post_was_ever_published":false,"_jetpack_newsletter_access":"","_jetpack_dont_email_post_to_subs":false,"_jetpack_newsletter_tier_id":0,"_jetpack_memberships_contains_paywalled_content":false,"_jetpack_memberships_contains_paid_content":false,"footnotes":"","jetpack_publicize_message":"","jetpack_publicize_feature_enabled":true,"jetpack_social_post_already_shared":false,"jetpack_social_options":{"image_generator_settings":{"template":"highway","default_image_id":0,"font":"","enabled":false},"version":2}},"categories":[9,4,20],"tags":[],"class_list":["post-48574","post","type-post","status-publish","format-standard","has-post-thumbnail","hentry","category-banda","category-destacadas","category-especysociales"],"aioseo_notices":[],"views":17,"jetpack_publicize_connections":[],"jetpack_featured_media_url":"https:\/\/i0.wp.com\/elterritorialweb.com.ar\/web\/wp-content\/uploads\/2023\/02\/WhatsApp-Image-2023-02-04-at-03.09.51.jpeg?fit=1600%2C1200&ssl=1","jetpack_sharing_enabled":true,"_links":{"self":[{"href":"https:\/\/elterritorialweb.com.ar\/web\/wp-json\/wp\/v2\/posts\/48574","targetHints":{"allow":["GET"]}}],"collection":[{"href":"https:\/\/elterritorialweb.com.ar\/web\/wp-json\/wp\/v2\/posts"}],"about":[{"href":"https:\/\/elterritorialweb.com.ar\/web\/wp-json\/wp\/v2\/types\/post"}],"author":[{"embeddable":true,"href":"https:\/\/elterritorialweb.com.ar\/web\/wp-json\/wp\/v2\/users\/2"}],"replies":[{"embeddable":true,"href":"https:\/\/elterritorialweb.com.ar\/web\/wp-json\/wp\/v2\/comments?post=48574"}],"version-history":[{"count":1,"href":"https:\/\/elterritorialweb.com.ar\/web\/wp-json\/wp\/v2\/posts\/48574\/revisions"}],"predecessor-version":[{"id":48576,"href":"https:\/\/elterritorialweb.com.ar\/web\/wp-json\/wp\/v2\/posts\/48574\/revisions\/48576"}],"wp:featuredmedia":[{"embeddable":true,"href":"https:\/\/elterritorialweb.com.ar\/web\/wp-json\/wp\/v2\/media\/48575"}],"wp:attachment":[{"href":"https:\/\/elterritorialweb.com.ar\/web\/wp-json\/wp\/v2\/media?parent=48574"}],"wp:term":[{"taxonomy":"category","embeddable":true,"href":"https:\/\/elterritorialweb.com.ar\/web\/wp-json\/wp\/v2\/categories?post=48574"},{"taxonomy":"post_tag","embeddable":true,"href":"https:\/\/elterritorialweb.com.ar\/web\/wp-json\/wp\/v2\/tags?post=48574"}],"curies":[{"name":"wp","href":"https:\/\/api.w.org\/{rel}","templated":true}]}}