{"id":48577,"date":"2023-02-04T02:22:55","date_gmt":"2023-02-04T02:22:55","guid":{"rendered":"http:\/\/elterritorialweb.com.ar\/web\/?p=48577"},"modified":"2023-02-04T02:23:27","modified_gmt":"2023-02-04T02:23:27","slug":"propuesta-para-este-sabado-y-domingo-en-santiago-es-tu-rio","status":"publish","type":"post","link":"https:\/\/elterritorialweb.com.ar\/web\/propuesta-para-este-sabado-y-domingo-en-santiago-es-tu-rio\/","title":{"rendered":"PROPUESTAS PARA ESTE S\u00c1BADO Y DOMINGO EN SANTIAGO ES TU R\u00cdO"},"content":{"rendered":"\n<p>En el predio ubicado en Alsina y Costanera Luis \u201cChacho\u201d Lescano (frente al natatorio provincial), habr\u00e1 este fin de semana tambi\u00e9n atractivos como la feria de emprendedores, paseos tur\u00edsticos en colectivos el\u00e9ctricos y las tradicionales clases de zumba, desde las 19, y de folclore, a partir de las 21.<\/p>\n\n\n\n<p>Los espect\u00e1culos musicales estuvieron a cargo el viernes de Taian y La Noche y Morena Cumbia, mientras que este s\u00e1bado est\u00e1 programada la actuaci\u00f3n de Sol Latino y Mala Influencia y el domingo los shows en vivo del Circo Goyito, Alejandro y el cuarteto de la Ciudad del Barco y de Maxi Alustiza.<\/p>\n","protected":false},"excerpt":{"rendered":"<p>Con una amplia concurrencia de vecinos, continu\u00f3 este viernes el programa recreativo libre y gratuito de la Municipalidad de la Capital Santiago es tu R\u00edo destinado a la participaci\u00f3n de familias y amigos en diversas actividades art\u00edsticas, deportivas, de entretenimiento infantiles y esparcimiento al aire libre.<\/p>\n","protected":false},"author":2,"featured_media":48578,"comment_status":"open","ping_status":"open","sticky":false,"template":"","format":"standard","meta":{"om_disable_all_campaigns":false,"_monsterinsights_skip_tracking":false,"_monsterinsights_sitenote_active":false,"_monsterinsights_sitenote_note":"","_monsterinsights_sitenote_category":0,"_uf_show_specific_survey":0,"_uf_disable_surveys":false,"jetpack_post_was_ever_published":false,"_jetpack_newsletter_access":"","_jetpack_dont_email_post_to_subs":false,"_jetpack_newsletter_tier_id":0,"_jetpack_memberships_contains_paywalled_content":false,"_jetpack_memberships_contains_paid_content":false,"footnotes":"","jetpack_publicize_message":"","jetpack_publicize_feature_enabled":true,"jetpack_social_post_already_shared":false,"jetpack_social_options":{"image_generator_settings":{"template":"highway","default_image_id":0,"font":"","enabled":false},"version":2}},"categories":[7],"tags":[],"class_list":["post-48577","post","type-post","status-publish","format-standard","has-post-thumbnail","hentry","category-nacionales"],"aioseo_notices":[],"views":12,"jetpack_publicize_connections":[],"jetpack_featured_media_url":"https:\/\/i0.wp.com\/elterritorialweb.com.ar\/web\/wp-content\/uploads\/2023\/02\/es-tu-rio-10.jpeg?fit=1128%2C752&ssl=1","jetpack_sharing_enabled":true,"_links":{"self":[{"href":"https:\/\/elterritorialweb.com.ar\/web\/wp-json\/wp\/v2\/posts\/48577","targetHints":{"allow":["GET"]}}],"collection":[{"href":"https:\/\/elterritorialweb.com.ar\/web\/wp-json\/wp\/v2\/posts"}],"about":[{"href":"https:\/\/elterritorialweb.com.ar\/web\/wp-json\/wp\/v2\/types\/post"}],"author":[{"embeddable":true,"href":"https:\/\/elterritorialweb.com.ar\/web\/wp-json\/wp\/v2\/users\/2"}],"replies":[{"embeddable":true,"href":"https:\/\/elterritorialweb.com.ar\/web\/wp-json\/wp\/v2\/comments?post=48577"}],"version-history":[{"count":2,"href":"https:\/\/elterritorialweb.com.ar\/web\/wp-json\/wp\/v2\/posts\/48577\/revisions"}],"predecessor-version":[{"id":48580,"href":"https:\/\/elterritorialweb.com.ar\/web\/wp-json\/wp\/v2\/posts\/48577\/revisions\/48580"}],"wp:featuredmedia":[{"embeddable":true,"href":"https:\/\/elterritorialweb.com.ar\/web\/wp-json\/wp\/v2\/media\/48578"}],"wp:attachment":[{"href":"https:\/\/elterritorialweb.com.ar\/web\/wp-json\/wp\/v2\/media?parent=48577"}],"wp:term":[{"taxonomy":"category","embeddable":true,"href":"https:\/\/elterritorialweb.com.ar\/web\/wp-json\/wp\/v2\/categories?post=48577"},{"taxonomy":"post_tag","embeddable":true,"href":"https:\/\/elterritorialweb.com.ar\/web\/wp-json\/wp\/v2\/tags?post=48577"}],"curies":[{"name":"wp","href":"https:\/\/api.w.org\/{rel}","templated":true}]}}