{"id":48581,"date":"2023-02-04T02:27:54","date_gmt":"2023-02-04T02:27:54","guid":{"rendered":"http:\/\/elterritorialweb.com.ar\/web\/?p=48581"},"modified":"2023-02-04T02:36:41","modified_gmt":"2023-02-04T02:36:41","slug":"ramon-alvarez-en-la-salamanca-feliz-de-estar-de-nuevo-en-este-escenario","status":"publish","type":"post","link":"https:\/\/elterritorialweb.com.ar\/web\/ramon-alvarez-en-la-salamanca-feliz-de-estar-de-nuevo-en-este-escenario\/","title":{"rendered":"RAM\u00d3N ALVAREZ EN LA SALAMANCA: \u00abFELIZ DE ESTAR DE NUEVO EN ESTE ESCENARIO\u00bb"},"content":{"rendered":"\n<p>En la segunda noche de XXXI Edici\u00f3n de La Salamanca, Ram\u00f3n Alvarez subi\u00f3 al escenario \u201cJacinto Piedra\u201d, donde hizo un repaso de todo su repertorio.<\/p>\n\n\n\n<p>Tras finalizar el espect\u00e1culo, el artista brind\u00f3 una conferencia de prensa donde record\u00f3 su debut a los 8 a\u00f1os y celebr\u00f3 la oportunidad de haber estado presente este a\u00f1o.<\/p>\n\n\n\n<p>\u201cEst\u00e1bamos sin saber qu\u00e9 hacer y nos decidimos por presentar las nuevas canciones\u201d, expres\u00f3 el m\u00fasico, quien aprovech\u00f3 para destacar el \u201cgran equipo\u201d de trabajo que lo acompa\u00f1a y los defini\u00f3 como \u201cmuy positivos\u201d.<\/p>\n\n\n\n<p>Respecto a las expectativas, Alvarez enfatiz\u00f3 en que \u201cse ha dado lo que ven\u00edamos planeando\u201d y agradeci\u00f3 el recibimiento de la gente.<\/p>\n","protected":false},"excerpt":{"rendered":"<p>En la segunda noche de XXXI Edici\u00f3n de La Salamanca, el artista subi\u00f3 al escenario \u201cJacinto Piedra\u201d e hizo un repaso de todo su repertorio.<\/p>\n","protected":false},"author":2,"featured_media":48584,"comment_status":"open","ping_status":"open","sticky":false,"template":"","format":"standard","meta":{"om_disable_all_campaigns":false,"_monsterinsights_skip_tracking":false,"_monsterinsights_sitenote_active":false,"_monsterinsights_sitenote_note":"","_monsterinsights_sitenote_category":0,"_uf_show_specific_survey":0,"_uf_disable_surveys":false,"jetpack_post_was_ever_published":false,"_jetpack_newsletter_access":"","_jetpack_dont_email_post_to_subs":false,"_jetpack_newsletter_tier_id":0,"_jetpack_memberships_contains_paywalled_content":false,"_jetpack_memberships_contains_paid_content":false,"footnotes":"","jetpack_publicize_message":"","jetpack_publicize_feature_enabled":true,"jetpack_social_post_already_shared":false,"jetpack_social_options":{"image_generator_settings":{"template":"highway","default_image_id":0,"font":"","enabled":false},"version":2}},"categories":[9,20],"tags":[],"class_list":["post-48581","post","type-post","status-publish","format-standard","has-post-thumbnail","hentry","category-banda","category-especysociales"],"aioseo_notices":[],"views":10,"jetpack_publicize_connections":[],"jetpack_featured_media_url":"https:\/\/i0.wp.com\/elterritorialweb.com.ar\/web\/wp-content\/uploads\/2023\/02\/RAMON-ALVAREZ-EN-LA-SALAMANCA.jpeg?fit=938%2C586&ssl=1","jetpack_sharing_enabled":true,"_links":{"self":[{"href":"https:\/\/elterritorialweb.com.ar\/web\/wp-json\/wp\/v2\/posts\/48581","targetHints":{"allow":["GET"]}}],"collection":[{"href":"https:\/\/elterritorialweb.com.ar\/web\/wp-json\/wp\/v2\/posts"}],"about":[{"href":"https:\/\/elterritorialweb.com.ar\/web\/wp-json\/wp\/v2\/types\/post"}],"author":[{"embeddable":true,"href":"https:\/\/elterritorialweb.com.ar\/web\/wp-json\/wp\/v2\/users\/2"}],"replies":[{"embeddable":true,"href":"https:\/\/elterritorialweb.com.ar\/web\/wp-json\/wp\/v2\/comments?post=48581"}],"version-history":[{"count":1,"href":"https:\/\/elterritorialweb.com.ar\/web\/wp-json\/wp\/v2\/posts\/48581\/revisions"}],"predecessor-version":[{"id":48583,"href":"https:\/\/elterritorialweb.com.ar\/web\/wp-json\/wp\/v2\/posts\/48581\/revisions\/48583"}],"wp:featuredmedia":[{"embeddable":true,"href":"https:\/\/elterritorialweb.com.ar\/web\/wp-json\/wp\/v2\/media\/48584"}],"wp:attachment":[{"href":"https:\/\/elterritorialweb.com.ar\/web\/wp-json\/wp\/v2\/media?parent=48581"}],"wp:term":[{"taxonomy":"category","embeddable":true,"href":"https:\/\/elterritorialweb.com.ar\/web\/wp-json\/wp\/v2\/categories?post=48581"},{"taxonomy":"post_tag","embeddable":true,"href":"https:\/\/elterritorialweb.com.ar\/web\/wp-json\/wp\/v2\/tags?post=48581"}],"curies":[{"name":"wp","href":"https:\/\/api.w.org\/{rel}","templated":true}]}}