{"id":48585,"date":"2023-02-04T03:12:43","date_gmt":"2023-02-04T03:12:43","guid":{"rendered":"http:\/\/elterritorialweb.com.ar\/web\/?p=48585"},"modified":"2023-02-04T03:12:43","modified_gmt":"2023-02-04T03:12:43","slug":"exitosa-promocion-del-moto-gp-en-londrina-brasil","status":"publish","type":"post","link":"https:\/\/elterritorialweb.com.ar\/web\/exitosa-promocion-del-moto-gp-en-londrina-brasil\/","title":{"rendered":"EXITOSA PROMOCI\u00d3N DEL MOTO GP EN LONDRINA, BRASIL\u00a0"},"content":{"rendered":"\n<p>\u00a0La velada consisti\u00f3 en una presentaci\u00f3n del\u00a0<strong>Gran Premio de Argentina de motociclismo,<\/strong>\u00a0las oportunidades que ofrece nuestro pa\u00eds para quienes aman viajar sobre dos ruedas por las rutas esc\u00e9nicas que Argentina tiene &#8211; como la m\u00edtica Ruta 40 &#8211; y una cena con platos t\u00edpicos nacionales que incluy\u00f3 empanadas, vino y alfajores.\u00a0<\/p>\n\n\n\n<figure class=\"wp-block-image size-large\"><a href=\"https:\/\/i0.wp.com\/elterritorialweb.com.ar\/web\/wp-content\/uploads\/2023\/02\/unnamed-1-1-scaled.jpg\"><img data-recalc-dims=\"1\" decoding=\"async\" width=\"640\" height=\"406\" data-src=\"https:\/\/i0.wp.com\/elterritorialweb.com.ar\/web\/wp-content\/uploads\/2023\/02\/unnamed-1-1.jpg?resize=640%2C406\" alt=\"\" class=\"wp-image-48588 lazyload\" data-srcset=\"https:\/\/i0.wp.com\/elterritorialweb.com.ar\/web\/wp-content\/uploads\/2023\/02\/unnamed-1-1-scaled.jpg?resize=1024%2C649&amp;ssl=1 1024w, https:\/\/i0.wp.com\/elterritorialweb.com.ar\/web\/wp-content\/uploads\/2023\/02\/unnamed-1-1-scaled.jpg?resize=300%2C190&amp;ssl=1 300w, https:\/\/i0.wp.com\/elterritorialweb.com.ar\/web\/wp-content\/uploads\/2023\/02\/unnamed-1-1-scaled.jpg?resize=768%2C487&amp;ssl=1 768w, https:\/\/i0.wp.com\/elterritorialweb.com.ar\/web\/wp-content\/uploads\/2023\/02\/unnamed-1-1-scaled.jpg?resize=1536%2C974&amp;ssl=1 1536w, https:\/\/i0.wp.com\/elterritorialweb.com.ar\/web\/wp-content\/uploads\/2023\/02\/unnamed-1-1-scaled.jpg?resize=2048%2C1299&amp;ssl=1 2048w, https:\/\/i0.wp.com\/elterritorialweb.com.ar\/web\/wp-content\/uploads\/2023\/02\/unnamed-1-1-scaled.jpg?w=1280 1280w, https:\/\/i0.wp.com\/elterritorialweb.com.ar\/web\/wp-content\/uploads\/2023\/02\/unnamed-1-1-scaled.jpg?w=1920 1920w\" data-sizes=\"(max-width: 640px) 100vw, 640px\" src=\"data:image\/svg+xml;base64,PHN2ZyB3aWR0aD0iMSIgaGVpZ2h0PSIxIiB4bWxucz0iaHR0cDovL3d3dy53My5vcmcvMjAwMC9zdmciPjwvc3ZnPg==\" style=\"--smush-placeholder-width: 640px; --smush-placeholder-aspect-ratio: 640\/406;\" \/><\/a><\/figure>\n\n\n\n<p>Adem\u00e1s, el momento m\u00e1s esperado de la noche fue la presentaci\u00f3n de\u00a0<strong>Sebasti\u00e1n Porto<\/strong>, \u00eddolo del motociclismo argentino, subcampe\u00f3n 2004 del Moto250, quien narr\u00f3 sus experiencias en los recorridos por el pa\u00eds, c\u00f3mo fue correr en la Argentina y otros circuitos del mundo, y la importancia distintiva de tener un evento de estas caracter\u00edsticas en Sudam\u00e9rica.\u00a0<\/p>\n\n\n\n<figure class=\"wp-block-image size-large\"><a href=\"https:\/\/i0.wp.com\/elterritorialweb.com.ar\/web\/wp-content\/uploads\/2023\/02\/unnamed-2-1.jpg\"><img data-recalc-dims=\"1\" decoding=\"async\" width=\"640\" height=\"450\" data-src=\"https:\/\/i0.wp.com\/elterritorialweb.com.ar\/web\/wp-content\/uploads\/2023\/02\/unnamed-2-1.jpg?resize=640%2C450\" alt=\"\" class=\"wp-image-48587 lazyload\" data-srcset=\"https:\/\/i0.wp.com\/elterritorialweb.com.ar\/web\/wp-content\/uploads\/2023\/02\/unnamed-2-1.jpg?resize=1024%2C720&amp;ssl=1 1024w, https:\/\/i0.wp.com\/elterritorialweb.com.ar\/web\/wp-content\/uploads\/2023\/02\/unnamed-2-1.jpg?resize=300%2C211&amp;ssl=1 300w, https:\/\/i0.wp.com\/elterritorialweb.com.ar\/web\/wp-content\/uploads\/2023\/02\/unnamed-2-1.jpg?resize=768%2C540&amp;ssl=1 768w, https:\/\/i0.wp.com\/elterritorialweb.com.ar\/web\/wp-content\/uploads\/2023\/02\/unnamed-2-1.jpg?w=1200&amp;ssl=1 1200w\" data-sizes=\"(max-width: 640px) 100vw, 640px\" src=\"data:image\/svg+xml;base64,PHN2ZyB3aWR0aD0iMSIgaGVpZ2h0PSIxIiB4bWxucz0iaHR0cDovL3d3dy53My5vcmcvMjAwMC9zdmciPjwvc3ZnPg==\" style=\"--smush-placeholder-width: 640px; --smush-placeholder-aspect-ratio: 640\/450;\" \/><\/a><\/figure>\n\n\n\n<p>El evento fue acompa\u00f1ado p<strong>or funcionarios y empresarios de Santiago del Estero,<\/strong>\u00a0quienes tambi\u00e9n tuvieron su espacio para conversar y capacitar a los asistentes. Invitados por Inprotur, participaron el subsecretario de Turismo, Nelson Bravo; Miguel Figueroa, actual presidente de la C\u00e1mara de Turismo de Santiago del Estero; Julio Jorge, presidente de la C\u00e1mara de Hoteleros y Gastron\u00f3micos de Santiago del Estero; Cristian Luna, propietario de la Bodega Mar\u00eda del Pilar; y Teresa Kladko, representante de la C\u00e1mara Hotelera y Gastron\u00f3mica de Termas de R\u00edo Hondo, entre otros.\u00a0<\/p>\n\n\n\n<p>En relaci\u00f3n a esto, el\u00a0<strong>Secretario Ejecutivo del Inprotur, Ricardo Sosa expres\u00f3<\/strong>: \u201c<em>la presencia de Argentina en la ciudad de Londrina ha sido clave para promocionar el Moto GP de Termas de R\u00edo Hondo porque el Estado de Paran\u00e1 en Brasil es el mayor emisor de turistas de Motos hacia nuestro pa\u00eds. Estamos seguros de que este tipo de eventos son bienvenidos por los fan\u00e1ticos de los deportes de motor, los turistas brasileros aprecian Argentina y visitarlos en su propia ciudad consolida el v\u00ednculo y la promoci\u00f3n<\/em>\u201d.\u00a0<\/p>\n\n\n\n<figure class=\"wp-block-image size-large\"><a href=\"https:\/\/i0.wp.com\/elterritorialweb.com.ar\/web\/wp-content\/uploads\/2023\/02\/unnamed-3-1.jpg\"><img data-recalc-dims=\"1\" decoding=\"async\" width=\"640\" height=\"853\" data-src=\"https:\/\/i0.wp.com\/elterritorialweb.com.ar\/web\/wp-content\/uploads\/2023\/02\/unnamed-3-1.jpg?resize=640%2C853\" alt=\"\" class=\"wp-image-48586 lazyload\" data-srcset=\"https:\/\/i0.wp.com\/elterritorialweb.com.ar\/web\/wp-content\/uploads\/2023\/02\/unnamed-3-1.jpg?resize=768%2C1024&amp;ssl=1 768w, https:\/\/i0.wp.com\/elterritorialweb.com.ar\/web\/wp-content\/uploads\/2023\/02\/unnamed-3-1.jpg?resize=225%2C300&amp;ssl=1 225w, https:\/\/i0.wp.com\/elterritorialweb.com.ar\/web\/wp-content\/uploads\/2023\/02\/unnamed-3-1.jpg?w=867&amp;ssl=1 867w\" data-sizes=\"(max-width: 640px) 100vw, 640px\" src=\"data:image\/svg+xml;base64,PHN2ZyB3aWR0aD0iMSIgaGVpZ2h0PSIxIiB4bWxucz0iaHR0cDovL3d3dy53My5vcmcvMjAwMC9zdmciPjwvc3ZnPg==\" style=\"--smush-placeholder-width: 640px; --smush-placeholder-aspect-ratio: 640\/853;\" \/><\/a><\/figure>\n\n\n\n<p>En Londrina, al cierre de la velada,&nbsp;<strong>Porto<\/strong>&nbsp;concluy\u00f3 que \u201c<em><strong>es un honor ser embajador de este deporte en la Argentina.<\/strong>&nbsp;El p\u00fablico fue sensacional, la gente se va muy contenta y estoy seguro de que tendremos muchos m\u00e1s fan\u00e1ticos brasile\u00f1os en esta edici\u00f3n 2023\u201d<\/em>.&nbsp;&nbsp;<\/p>\n\n\n\n<p>Cabe destacar que el evento de Londrina fue el primero de los dos eventos que el Instituto Nacional de Promoci\u00f3n Tur\u00edstica realizar\u00e1 en el estado de Paran\u00e1. El siguiente tendr\u00e1 lugar el s\u00e1bado 4 de febrero en el Hard Rock Caf\u00e9 (R. Buenos Aires, 50 &#8211; Batel-) de la ciudad de Curitiba y est\u00e1 destinada a fan\u00e1ticos y asociaciones motoqueras de Brasil.<\/p>\n","protected":false},"excerpt":{"rendered":"<p>Frente a m\u00e1s de 130 personas, el Instituto Nacional de Promoci\u00f3n Tur\u00edstica (Inprotur) realiz\u00f3 en la ciudad de Londrina, Brasil, un evento de promoci\u00f3n del Moto GP 2023 que tendr\u00e1 lugar en el Circuito de Termas de R\u00edo Hondo, Santiago del Estero del 31 de marzo al 2\u00b0 de abril. Adem\u00e1s, fue la oportunidad de mostrar la oferta tur\u00edstica, gastron\u00f3mica y cultural de la provincia.<\/p>\n","protected":false},"author":2,"featured_media":48589,"comment_status":"open","ping_status":"open","sticky":false,"template":"","format":"standard","meta":{"om_disable_all_campaigns":false,"_monsterinsights_skip_tracking":false,"_monsterinsights_sitenote_active":false,"_monsterinsights_sitenote_note":"","_monsterinsights_sitenote_category":0,"_uf_show_specific_survey":0,"_uf_disable_surveys":false,"jetpack_post_was_ever_published":false,"_jetpack_newsletter_access":"","_jetpack_dont_email_post_to_subs":false,"_jetpack_newsletter_tier_id":0,"_jetpack_memberships_contains_paywalled_content":false,"_jetpack_memberships_contains_paid_content":false,"footnotes":"","jetpack_publicize_message":"","jetpack_publicize_feature_enabled":true,"jetpack_social_post_already_shared":false,"jetpack_social_options":{"image_generator_settings":{"template":"highway","default_image_id":0,"font":"","enabled":false},"version":2}},"categories":[6,29],"tags":[],"class_list":["post-48585","post","type-post","status-publish","format-standard","has-post-thumbnail","hentry","category-deportes","category-turismo"],"aioseo_notices":[],"views":12,"jetpack_publicize_connections":[],"jetpack_featured_media_url":"https:\/\/i0.wp.com\/elterritorialweb.com.ar\/web\/wp-content\/uploads\/2023\/02\/unnamed-scaled.jpg?fit=2560%2C1569&ssl=1","jetpack_sharing_enabled":true,"_links":{"self":[{"href":"https:\/\/elterritorialweb.com.ar\/web\/wp-json\/wp\/v2\/posts\/48585","targetHints":{"allow":["GET"]}}],"collection":[{"href":"https:\/\/elterritorialweb.com.ar\/web\/wp-json\/wp\/v2\/posts"}],"about":[{"href":"https:\/\/elterritorialweb.com.ar\/web\/wp-json\/wp\/v2\/types\/post"}],"author":[{"embeddable":true,"href":"https:\/\/elterritorialweb.com.ar\/web\/wp-json\/wp\/v2\/users\/2"}],"replies":[{"embeddable":true,"href":"https:\/\/elterritorialweb.com.ar\/web\/wp-json\/wp\/v2\/comments?post=48585"}],"version-history":[{"count":1,"href":"https:\/\/elterritorialweb.com.ar\/web\/wp-json\/wp\/v2\/posts\/48585\/revisions"}],"predecessor-version":[{"id":48590,"href":"https:\/\/elterritorialweb.com.ar\/web\/wp-json\/wp\/v2\/posts\/48585\/revisions\/48590"}],"wp:featuredmedia":[{"embeddable":true,"href":"https:\/\/elterritorialweb.com.ar\/web\/wp-json\/wp\/v2\/media\/48589"}],"wp:attachment":[{"href":"https:\/\/elterritorialweb.com.ar\/web\/wp-json\/wp\/v2\/media?parent=48585"}],"wp:term":[{"taxonomy":"category","embeddable":true,"href":"https:\/\/elterritorialweb.com.ar\/web\/wp-json\/wp\/v2\/categories?post=48585"},{"taxonomy":"post_tag","embeddable":true,"href":"https:\/\/elterritorialweb.com.ar\/web\/wp-json\/wp\/v2\/tags?post=48585"}],"curies":[{"name":"wp","href":"https:\/\/api.w.org\/{rel}","templated":true}]}}