{"id":48606,"date":"2023-02-04T17:13:02","date_gmt":"2023-02-04T17:13:02","guid":{"rendered":"http:\/\/elterritorialweb.com.ar\/web\/?p=48606"},"modified":"2023-02-04T17:13:03","modified_gmt":"2023-02-04T17:13:03","slug":"rusherking-volvio-a-su-tierra-natal-y-desplego-su-talento-en-el-escenario-de-la-salamanca","status":"publish","type":"post","link":"https:\/\/elterritorialweb.com.ar\/web\/rusherking-volvio-a-su-tierra-natal-y-desplego-su-talento-en-el-escenario-de-la-salamanca\/","title":{"rendered":"RUSHERKING VOLVI\u00d3 A SU TIERRA NATAL Y DESPLEG\u00d3 SU TALENTO EN EL ESCENARIO DE LA SALAMANCA"},"content":{"rendered":"\n<p>En conferencia de prensa, el artista nacido en la ciudad de La Banda, destac\u00f3: \u00abHoy no estoy como Rusherking estoy m\u00e1s como Thomy porque es volver a mi ciudad, a mi provincia, ver los lugares donde crec\u00ed y me cr\u00ede, estar con mi familia, entonces estoy muy en tierra y lo voy a disfrutar como Thomy, es m\u00e1s el show tendr\u00eda que ser Thomy y no Rusherking porque estoy muy bien, muy feliz\u00bb.<br>Tambi\u00e9n resalt\u00f3: \u00abEstar hoy en el Festival Nacional de la Salamanca es important\u00edsimo para m\u00ed, vi muchos comentarios en las redes sociales de gente que no entiende lo que hacemos nosotros o de c\u00f3mo nos expresamos, de la m\u00fasica actual de ahora y me parece un acierto muy importante de la organizaci\u00f3n mezclar los mundos, las generaciones, el chico de 5 a\u00f1os hasta la se\u00f1ora de 50 o 60 a\u00f1os pueda venir al show. Est\u00e1 buen\u00edsimo mezclar el folclore y toda la m\u00fasica y unirnos como provincia, como comunidad y no criticar\u00bb.<\/p>\n","protected":false},"excerpt":{"rendered":"<p>El cantante de m\u00fasica urbana Thomas Tobar m\u00e1s conocido como Rusherking actu\u00f3 en la segunda noche de la Edici\u00f3n XXXI del Festival Nacional de la Salamanca y cautiv\u00f3 al p\u00fablico salamanquero con su talento.<\/p>\n","protected":false},"author":2,"featured_media":48607,"comment_status":"open","ping_status":"open","sticky":false,"template":"","format":"standard","meta":{"om_disable_all_campaigns":false,"_monsterinsights_skip_tracking":false,"_monsterinsights_sitenote_active":false,"_monsterinsights_sitenote_note":"","_monsterinsights_sitenote_category":0,"_uf_show_specific_survey":0,"_uf_disable_surveys":false,"jetpack_post_was_ever_published":false,"_jetpack_newsletter_access":"","_jetpack_dont_email_post_to_subs":false,"_jetpack_newsletter_tier_id":0,"_jetpack_memberships_contains_paywalled_content":false,"_jetpack_memberships_contains_paid_content":false,"footnotes":"","jetpack_publicize_message":"","jetpack_publicize_feature_enabled":true,"jetpack_social_post_already_shared":false,"jetpack_social_options":{"image_generator_settings":{"template":"highway","default_image_id":0,"font":"","enabled":false},"version":2}},"categories":[1],"tags":[],"class_list":["post-48606","post","type-post","status-publish","format-standard","has-post-thumbnail","hentry","category-sin-categoria"],"aioseo_notices":[],"views":18,"jetpack_publicize_connections":[],"jetpack_featured_media_url":"https:\/\/i0.wp.com\/elterritorialweb.com.ar\/web\/wp-content\/uploads\/2023\/02\/WhatsApp-Image-2023-02-04-at-08.07.02.jpeg?fit=1032%2C581&ssl=1","jetpack_sharing_enabled":true,"_links":{"self":[{"href":"https:\/\/elterritorialweb.com.ar\/web\/wp-json\/wp\/v2\/posts\/48606","targetHints":{"allow":["GET"]}}],"collection":[{"href":"https:\/\/elterritorialweb.com.ar\/web\/wp-json\/wp\/v2\/posts"}],"about":[{"href":"https:\/\/elterritorialweb.com.ar\/web\/wp-json\/wp\/v2\/types\/post"}],"author":[{"embeddable":true,"href":"https:\/\/elterritorialweb.com.ar\/web\/wp-json\/wp\/v2\/users\/2"}],"replies":[{"embeddable":true,"href":"https:\/\/elterritorialweb.com.ar\/web\/wp-json\/wp\/v2\/comments?post=48606"}],"version-history":[{"count":1,"href":"https:\/\/elterritorialweb.com.ar\/web\/wp-json\/wp\/v2\/posts\/48606\/revisions"}],"predecessor-version":[{"id":48608,"href":"https:\/\/elterritorialweb.com.ar\/web\/wp-json\/wp\/v2\/posts\/48606\/revisions\/48608"}],"wp:featuredmedia":[{"embeddable":true,"href":"https:\/\/elterritorialweb.com.ar\/web\/wp-json\/wp\/v2\/media\/48607"}],"wp:attachment":[{"href":"https:\/\/elterritorialweb.com.ar\/web\/wp-json\/wp\/v2\/media?parent=48606"}],"wp:term":[{"taxonomy":"category","embeddable":true,"href":"https:\/\/elterritorialweb.com.ar\/web\/wp-json\/wp\/v2\/categories?post=48606"},{"taxonomy":"post_tag","embeddable":true,"href":"https:\/\/elterritorialweb.com.ar\/web\/wp-json\/wp\/v2\/tags?post=48606"}],"curies":[{"name":"wp","href":"https:\/\/api.w.org\/{rel}","templated":true}]}}