{"id":48617,"date":"2023-02-04T18:03:23","date_gmt":"2023-02-04T18:03:23","guid":{"rendered":"http:\/\/elterritorialweb.com.ar\/web\/?p=48617"},"modified":"2023-02-04T18:03:24","modified_gmt":"2023-02-04T18:03:24","slug":"el-ministerio-de-salud-se-adhiere-al-dia-mundial-contra-el-cancer","status":"publish","type":"post","link":"https:\/\/elterritorialweb.com.ar\/web\/el-ministerio-de-salud-se-adhiere-al-dia-mundial-contra-el-cancer\/","title":{"rendered":"EL MINISTERIO DE SALUD SE ADHIERE AL D\u00cdA MUNDIAL CONTRA EL C\u00c1NCER"},"content":{"rendered":"\n<p>En esta fecha en especial se busca la concientizaci\u00f3n de la poblaci\u00f3n sobre las conductas que colaboran a disminuir el impacto del c\u00e1ncer en el planeta.<br>El c\u00e1ncer es la segunda causa m\u00e1s frecuente de morbilidad y mortalidad en las Am\u00e9ricas, por lo cual se recomiendan h\u00e1bitos saludables que reducen entre un 30 y 40% la incidencia de muchos tipos de c\u00e1ncer. El c\u00e1ncer puede prevenirse, controlarse, y hasta en algunos casos, curarse. Entre los h\u00e1bitos saludables se encuentran: disminuir el tabaco en forma activa y pasiva, evitar la ingesta excesiva del alcohol, una dieta rica en frutas y verduras y 30 minutos de ejercicio f\u00edsico diario para evitar la obesidad y sobrepeso.<br>Santiago del Estero cuenta con los hospitales de referencia Regional \u201cDr. Ram\u00f3n Carrillo\u201d, Independencia y el Centro Integral de Salud Banda, donde funcionan los servicios de oncolog\u00eda, preparados para el diagn\u00f3stico, tratamiento y seguimiento de los pacientes con c\u00e1ncer.<br>El Hospital de D\u00eda: Centro Oncol\u00f3gico del Hospital Regional atiende a los pacientes de lunes a viernes de 6 a 12 y cuenta con un equipo interdisciplinario de ocho m\u00e9dicos onc\u00f3logos, dos m\u00e9dicas oncohemat\u00f3logas, siete enfermeros y una psic\u00f3loga especialista en oncolog\u00eda.<br>La jefa de Enfermer\u00eda del servicio, Lic. Carolina Saracco, informa a la comunidad que \u201cse atiende a personas con diagn\u00f3stico confirmado de c\u00e1ncer que no posean obra social, y se ofrece el servicio de consultorio con los doctores especialistas, de psicolog\u00eda, de transfusi\u00f3n de sangre, de internaci\u00f3n en caso de ser necesario; adem\u00e1s de las diferentes herramientas para tratar los c\u00e1nceres como cirug\u00eda, radioterapia, quimioterapia e inmunoterapia.\u201d<br>Los turnos se brindan de lunes a jueves de forma presencial y por consultas se pueden comunicar a los tel\u00e9fonos 4219715 o 422244 internos: 2173 \u2013 2175 \u2013 2176.<br>Tambi\u00e9n, desde el servicio, trabajan en conjunto con las asistentes sociales del hospital, quienes brindan ayuda y contenci\u00f3n a la familia para realizar los tr\u00e1mites correspondientes.<br>Asimismo, el Hospital Independencia posee el Servicio de Oncolog\u00eda con consultorios dedicados a realizar los tratamientos a pacientes con c\u00e1ncer, trabajando en conjunto con los dem\u00e1s servicios, como cirug\u00eda general, ginecolog\u00eda, traumatolog\u00eda y patolog\u00eda mamaria. El centro de salud cuenta con equipamiento de alta tecnolog\u00eda en diagn\u00f3stico por imagen, tomograf\u00eda, mamograf\u00eda digital que permiten el diagn\u00f3stico precoz.<br>A su vez, el Centro Integral de Salud de La Banda cuenta con un consultorio oncol\u00f3gico con una especialista a cargo.<\/p>\n\n\n\n<figure class=\"wp-block-image size-full\"><a href=\"https:\/\/i0.wp.com\/elterritorialweb.com.ar\/web\/wp-content\/uploads\/2023\/02\/WhatsApp-Image-2023-02-04-at-00.32.19.jpeg\"><img data-recalc-dims=\"1\" decoding=\"async\" width=\"640\" height=\"853\" data-src=\"https:\/\/i0.wp.com\/elterritorialweb.com.ar\/web\/wp-content\/uploads\/2023\/02\/WhatsApp-Image-2023-02-04-at-00.32.19.jpeg?resize=640%2C853\" alt=\"\" class=\"wp-image-48618 lazyload\" data-srcset=\"https:\/\/i0.wp.com\/elterritorialweb.com.ar\/web\/wp-content\/uploads\/2023\/02\/WhatsApp-Image-2023-02-04-at-00.32.19.jpeg?w=720&amp;ssl=1 720w, https:\/\/i0.wp.com\/elterritorialweb.com.ar\/web\/wp-content\/uploads\/2023\/02\/WhatsApp-Image-2023-02-04-at-00.32.19.jpeg?resize=225%2C300&amp;ssl=1 225w\" data-sizes=\"(max-width: 640px) 100vw, 640px\" src=\"data:image\/svg+xml;base64,PHN2ZyB3aWR0aD0iMSIgaGVpZ2h0PSIxIiB4bWxucz0iaHR0cDovL3d3dy53My5vcmcvMjAwMC9zdmciPjwvc3ZnPg==\" style=\"--smush-placeholder-width: 640px; --smush-placeholder-aspect-ratio: 640\/853;\" \/><\/a><\/figure>\n\n\n\n<h3 class=\"wp-block-heading\">C\u00e1nceres m\u00e1s frecuentes y c\u00f3mo detectarlos<\/h3>\n\n\n\n<p>C\u00e1ncer de mama: Puede afectar a cualquier mujer y las posibilidades de su aparici\u00f3n aumentan con la edad, en especial a partir de los 50 a\u00f1os. Se puede realizar una detecci\u00f3n temprana del mismo con la mamograf\u00eda, que detecta el c\u00e1ncer cuando el n\u00f3dulo todav\u00eda no es palpable o lo es m\u00ednimamente. Por ello se recomienda a las mujeres de 50 a 69 a\u00f1os que se realicen al menos una mamograf\u00eda cada dos a\u00f1os junto a un examen f\u00edsico de las mamas por parte de un profesional de la salud.<\/p>\n\n\n\n<p>C\u00e1ncer de cuello de \u00fatero: Es causado por una infecci\u00f3n persistente en el tiempo por algunos tipos de VPH (Virus de Papiloma Humano). El VPH es un virus muy com\u00fan, se estima que 8 de cada 10 personas lo tendr\u00e1n en alg\u00fan momento de sus vidas, pero solo en una peque\u00f1a proporci\u00f3n provoca lesiones. Existen herramientas para prevenir el c\u00e1ncer, lo son: la vacuna contra el VPH, el Test de VPH y el PAP. Dicha vacuna es gratuita y obligatoria para ni\u00f1os y ni\u00f1as de 11 a\u00f1os, est\u00e1 incorporada a nuestro Calendario Nacional de Vacunaci\u00f3n. Tanto el Test de VPH como el PAP se realizan en los centros de salud y son pruebas que detectan la presencia del virus, se recomiendan a partir de los 25 a\u00f1os.<\/p>\n\n\n\n<p>C\u00e1ncer colorrectal: Afecta principalmente a mujeres y varones mayores de 50 a\u00f1os. Se puede prevenir ya que primero se produce un p\u00f3lipo que si se extirpa a tiempo evita la aparici\u00f3n del c\u00e1ncer. Para detectarlo y prevenirlo a tiempo, se recomienda a las personas mayores a 50 a\u00f1os realizarse estudios de detecci\u00f3n, como lo es el test de sangre oculta en materia fecal y\/o la colonoscop\u00eda.<\/p>\n\n\n\n<p>C\u00e1ncer de pr\u00f3stata: Afecta principalmente a varones mayores a 65 a\u00f1os. Este tipo de c\u00e1ncer no se puede prevenir dado que ciertos factores de riesgo, como la edad o antecedes familiares, no se pueden controlar. Algunos c\u00e1nceres de pr\u00f3stata pueden crecer y propagarse r\u00e1pidamente, pero la mayor\u00eda crece lentamente y no generar\u00e1n mortalidad. Para detectarlo se utiliza un an\u00e1lisis de sangre para medir el Ant\u00edgeno Prost\u00e1tico Espec\u00edfico y un examen digital a trav\u00e9s del recto.<\/p>\n\n\n\n<p>C\u00e1ncer de pulm\u00f3n: Es el m\u00e1s frecuente a nivel mundial y es causado principalmente por el consumo de tabaco. Entre los s\u00edntomas encontramos dificultad respiratoria, tos, p\u00e9rdida de peso, ronquera y dolor tor\u00e1cico. Afecta sobre todo a personas de entre 60 a 65 a\u00f1os. El diagn\u00f3stico se plantea ante datos cl\u00ednicos y con estudios radiol\u00f3gicos que detecta anormalidad pulmonar.<\/p>\n\n\n\n<p>C\u00e1ncer de piel: Se forma en los tejidos de la piel y puede ser causado por las quemaduras solares reiteradas o a la exposici\u00f3n a radiaci\u00f3n UV a largo plazo. Por ello es importante protegerse del sol durante todo el a\u00f1o, evitando exponerse entre las 10 y 16 horas, usando protector solar de m\u00e1s de 30 FPS, cubri\u00e9ndose con ropas y sombreros, y dem\u00e1s. Entre los signos de c\u00e1ncer de piel encontramos: lesiones en la piel, llagas que no cicatrizan o un cambio en un lunar.<br>Se recomienda a los pacientes y a sus familiares tener en cuenta una gu\u00eda de cuidados de alimentaci\u00f3n e higiene personal, como tambi\u00e9n recomendaciones dentro y fuera del hogar. Lavar con frecuencia las manos, ingerir preferentemente alimentos cocidos y evitar alimentos crudos durante primera semana post quimioterapia, tomar agua segura con frecuencia, consumir frutas y verduras hervidas y evitar embutidos, frituras, salsas y condimentos picantes. En el hogar limpiar y desinfectar los sanitarios antes de usar, y en el exterior evitar la exposici\u00f3n al sol, mantener ambientes libres de humo y permanecer alejado de personas con cuadros gripales o con enfermedades infecciosas.<br>Se recuerda que, detectado a tiempo, el c\u00e1ncer puede curarse. Por ese motivo se deben realizar los controles correspondientes a la edad indicada y mantener h\u00e1bitos saludables para prevenirlos.<\/p>\n","protected":false},"excerpt":{"rendered":"<p>El Ministerio de Salud de la provincia se adhiere a los actos por el D\u00eda Mundial Contra el C\u00e1ncer, que se conmemora este 4 de febrero, bajo el lema \u201cPor unos cuidados m\u00e1s juntos\u201d.<\/p>\n","protected":false},"author":2,"featured_media":48619,"comment_status":"open","ping_status":"open","sticky":false,"template":"","format":"standard","meta":{"om_disable_all_campaigns":false,"_monsterinsights_skip_tracking":false,"_monsterinsights_sitenote_active":false,"_monsterinsights_sitenote_note":"","_monsterinsights_sitenote_category":0,"_uf_show_specific_survey":0,"_uf_disable_surveys":false,"jetpack_post_was_ever_published":false,"_jetpack_newsletter_access":"","_jetpack_dont_email_post_to_subs":false,"_jetpack_newsletter_tier_id":0,"_jetpack_memberships_contains_paywalled_content":false,"_jetpack_memberships_contains_paid_content":false,"footnotes":"","jetpack_publicize_message":"","jetpack_publicize_feature_enabled":true,"jetpack_social_post_already_shared":false,"jetpack_social_options":{"image_generator_settings":{"template":"highway","default_image_id":0,"font":"","enabled":false},"version":2}},"categories":[3],"tags":[],"class_list":["post-48617","post","type-post","status-publish","format-standard","has-post-thumbnail","hentry","category-salud"],"aioseo_notices":[],"views":7,"jetpack_publicize_connections":[],"jetpack_featured_media_url":"https:\/\/i0.wp.com\/elterritorialweb.com.ar\/web\/wp-content\/uploads\/2023\/02\/WhatsApp-Image-2023-02-04-at-00.32.18.jpeg?fit=720%2C540&ssl=1","jetpack_sharing_enabled":true,"_links":{"self":[{"href":"https:\/\/elterritorialweb.com.ar\/web\/wp-json\/wp\/v2\/posts\/48617","targetHints":{"allow":["GET"]}}],"collection":[{"href":"https:\/\/elterritorialweb.com.ar\/web\/wp-json\/wp\/v2\/posts"}],"about":[{"href":"https:\/\/elterritorialweb.com.ar\/web\/wp-json\/wp\/v2\/types\/post"}],"author":[{"embeddable":true,"href":"https:\/\/elterritorialweb.com.ar\/web\/wp-json\/wp\/v2\/users\/2"}],"replies":[{"embeddable":true,"href":"https:\/\/elterritorialweb.com.ar\/web\/wp-json\/wp\/v2\/comments?post=48617"}],"version-history":[{"count":1,"href":"https:\/\/elterritorialweb.com.ar\/web\/wp-json\/wp\/v2\/posts\/48617\/revisions"}],"predecessor-version":[{"id":48620,"href":"https:\/\/elterritorialweb.com.ar\/web\/wp-json\/wp\/v2\/posts\/48617\/revisions\/48620"}],"wp:featuredmedia":[{"embeddable":true,"href":"https:\/\/elterritorialweb.com.ar\/web\/wp-json\/wp\/v2\/media\/48619"}],"wp:attachment":[{"href":"https:\/\/elterritorialweb.com.ar\/web\/wp-json\/wp\/v2\/media?parent=48617"}],"wp:term":[{"taxonomy":"category","embeddable":true,"href":"https:\/\/elterritorialweb.com.ar\/web\/wp-json\/wp\/v2\/categories?post=48617"},{"taxonomy":"post_tag","embeddable":true,"href":"https:\/\/elterritorialweb.com.ar\/web\/wp-json\/wp\/v2\/tags?post=48617"}],"curies":[{"name":"wp","href":"https:\/\/api.w.org\/{rel}","templated":true}]}}