{"id":48621,"date":"2023-02-05T01:44:06","date_gmt":"2023-02-05T01:44:06","guid":{"rendered":"http:\/\/elterritorialweb.com.ar\/web\/?p=48621"},"modified":"2023-02-05T01:44:06","modified_gmt":"2023-02-05T01:44:06","slug":"belgrano-sorprendio-a-river-y-le-gano-2-a-1-en-cordoba","status":"publish","type":"post","link":"https:\/\/elterritorialweb.com.ar\/web\/belgrano-sorprendio-a-river-y-le-gano-2-a-1-en-cordoba\/","title":{"rendered":"BELGRANO SORPRENDI\u00d3 A RIVER Y LE GAN\u00d3 2 A 1 EN C\u00d3RDOBA"},"content":{"rendered":"\n<p><strong>Belgrano<\/strong>\u00a0sorprendi\u00f3 en la segunda fecha de la Liga Profesional 2023<strong>\u00a0gan\u00e1ndole 2-1 a River Plate<\/strong>\u00a0en C\u00f3rdoba con dos goles de\u00a0<strong>Pablo Vegetti<\/strong>. Para el millonario, descont\u00f3\u00a0<strong>Nacho Fern\u00e1ndez<\/strong>\u00a0a diez minutos del final.<\/p>\n\n\n\n<p>El encuentro, disputado en el Estadio Mario Alberto Kempes, signific\u00f3<strong>\u00a0la primera derrota de Mart\u00edn Demichelis como entrenador<\/strong>\u00a0del Millonario, que cont\u00f3 con el debut de<strong>\u00a0Salom\u00f3n Rond\u00f3n<\/strong>. El \u00e1rbitro del partido fue Yael Falc\u00f3n P\u00e9rez.<\/p>\n\n\n\n<p>Los primeros minutos mostraron a un River mejor parado y generando dos situaciones de gol, uno a trav\u00e9s de Nacho Fern\u00e1ndez y otro con una tijera de Pablo Solari.<\/p>\n\n\n\n<p>Sin embargo, a los 38 minutos\u00a0<strong>Enzo D\u00edaz\u00a0<\/strong>se resbal\u00f3 y\u00a0<strong>Ulises S\u00e1nchez<\/strong>\u00a0recuper\u00f3 el bal\u00f3n y coloc\u00f3 el centro para que\u00a0<strong>Pablo Vegetti\u00a0<\/strong>convierta, dejando en evidencia el desorden de la defensa del millonario.<\/p>\n\n\n\n<figure class=\"wp-block-image size-full is-resized\"><a href=\"https:\/\/i0.wp.com\/elterritorialweb.com.ar\/web\/wp-content\/uploads\/2023\/02\/RIVER-BELGRANO-1.jpg\"><img data-recalc-dims=\"1\" decoding=\"async\" data-src=\"https:\/\/i0.wp.com\/elterritorialweb.com.ar\/web\/wp-content\/uploads\/2023\/02\/RIVER-BELGRANO-1.jpg?resize=640%2C427\" alt=\"\" class=\"wp-image-48622 lazyload\" width=\"640\" height=\"427\" data-srcset=\"https:\/\/i0.wp.com\/elterritorialweb.com.ar\/web\/wp-content\/uploads\/2023\/02\/RIVER-BELGRANO-1.jpg?w=680&amp;ssl=1 680w, https:\/\/i0.wp.com\/elterritorialweb.com.ar\/web\/wp-content\/uploads\/2023\/02\/RIVER-BELGRANO-1.jpg?resize=300%2C200&amp;ssl=1 300w\" data-sizes=\"(max-width: 640px) 100vw, 640px\" src=\"data:image\/svg+xml;base64,PHN2ZyB3aWR0aD0iMSIgaGVpZ2h0PSIxIiB4bWxucz0iaHR0cDovL3d3dy53My5vcmcvMjAwMC9zdmciPjwvc3ZnPg==\" style=\"--smush-placeholder-width: 640px; --smush-placeholder-aspect-ratio: 640\/427;\" \/><\/a><\/figure>\n\n\n\n<p>En el segundo tiempo, al equipo dirigido por&nbsp;<strong>Demichelis&nbsp;<\/strong>le cost\u00f3 generar peligro, mientras que Belgrano aprovech\u00f3 la ventaja y apost\u00f3 por el contraataque.<\/p>\n\n\n\n<p>A los 22 minutos del complemento,&nbsp;<strong>Marcelo Herrera<\/strong>&nbsp;perdi\u00f3 la pelota ante la presi\u00f3n,&nbsp;<strong>Ariel Rojas<\/strong>&nbsp;jug\u00f3 r\u00e1pido al medio para&nbsp;<strong>Pablo Vegetti<\/strong>, que con un puntazo venci\u00f3 nuevamente a&nbsp;<strong>Franco Armani<\/strong>&nbsp;y grit\u00f3 el segundo gol para el Celeste.<\/p>\n\n\n\n<p>A los 35 minutos del segundo tiempo,&nbsp;<strong>Ezequiel Barco&nbsp;<\/strong>aguant\u00f3 la pelota por izquierda y le dio el pase al \u00e1rea a&nbsp;<strong>Pablo Solari&nbsp;<\/strong>que busc\u00f3 atr\u00e1s a&nbsp;<strong>Nacho Fern\u00e1ndez<\/strong>&nbsp;que, de frente al arco, no fall\u00f3 y sell\u00f3 el descuento.<\/p>\n\n\n\n<p>En la pr\u00f3xima fecha, Belgrano visitar\u00e1 el viernes en Santiago del Estero a&nbsp;<strong>Central C\u00f3rdoba<\/strong>&nbsp;mientras que River recibir\u00e1 el domingo a las 19.15 a&nbsp;<strong>Argentinos Juniors.<\/strong><\/p>\n\n\n\n<figure class=\"wp-block-embed is-type-video is-provider-youtube wp-block-embed-youtube wp-embed-aspect-16-9 wp-has-aspect-ratio\"><div class=\"wp-block-embed__wrapper\">\n<iframe title=\"\u00a1EL PIRATA SUFRI\u00d3 Y SUPER\u00d3 AL MILLONARIO DE DEMICHELIS EN EL KEMPES! | Belgrano 2-1 River | RESUMEN\" width=\"640\" height=\"360\" data-src=\"https:\/\/www.youtube.com\/embed\/NiLxmS1Rkh8?feature=oembed\" frameborder=\"0\" allow=\"accelerometer; autoplay; clipboard-write; encrypted-media; gyroscope; picture-in-picture; web-share\" referrerpolicy=\"strict-origin-when-cross-origin\" allowfullscreen src=\"data:image\/svg+xml;base64,PHN2ZyB3aWR0aD0iMSIgaGVpZ2h0PSIxIiB4bWxucz0iaHR0cDovL3d3dy53My5vcmcvMjAwMC9zdmciPjwvc3ZnPg==\" class=\"lazyload\" data-load-mode=\"1\"><\/iframe>\n<\/div><\/figure>\n","protected":false},"excerpt":{"rendered":"<p>Por la segunda fecha, se enfrentaron en el Mario Alberto Kempes con arbitraje de Yael Falc\u00f3n P\u00e9rez. La primera derrota de Mart\u00edn Demichelis al frente del equipo.<\/p>\n","protected":false},"author":2,"featured_media":48623,"comment_status":"open","ping_status":"open","sticky":false,"template":"","format":"standard","meta":{"om_disable_all_campaigns":false,"_monsterinsights_skip_tracking":false,"_monsterinsights_sitenote_active":false,"_monsterinsights_sitenote_note":"","_monsterinsights_sitenote_category":0,"_uf_show_specific_survey":0,"_uf_disable_surveys":false,"jetpack_post_was_ever_published":false,"_jetpack_newsletter_access":"","_jetpack_dont_email_post_to_subs":false,"_jetpack_newsletter_tier_id":0,"_jetpack_memberships_contains_paywalled_content":false,"_jetpack_memberships_contains_paid_content":false,"footnotes":"","jetpack_publicize_message":"","jetpack_publicize_feature_enabled":true,"jetpack_social_post_already_shared":false,"jetpack_social_options":{"image_generator_settings":{"template":"highway","default_image_id":0,"font":"","enabled":false},"version":2}},"categories":[6],"tags":[],"class_list":["post-48621","post","type-post","status-publish","format-standard","has-post-thumbnail","hentry","category-deportes"],"aioseo_notices":[],"views":12,"jetpack_publicize_connections":[],"jetpack_featured_media_url":"https:\/\/i0.wp.com\/elterritorialweb.com.ar\/web\/wp-content\/uploads\/2023\/02\/RIVER-BELGRANO.jpg?fit=679%2C453&ssl=1","jetpack_sharing_enabled":true,"_links":{"self":[{"href":"https:\/\/elterritorialweb.com.ar\/web\/wp-json\/wp\/v2\/posts\/48621","targetHints":{"allow":["GET"]}}],"collection":[{"href":"https:\/\/elterritorialweb.com.ar\/web\/wp-json\/wp\/v2\/posts"}],"about":[{"href":"https:\/\/elterritorialweb.com.ar\/web\/wp-json\/wp\/v2\/types\/post"}],"author":[{"embeddable":true,"href":"https:\/\/elterritorialweb.com.ar\/web\/wp-json\/wp\/v2\/users\/2"}],"replies":[{"embeddable":true,"href":"https:\/\/elterritorialweb.com.ar\/web\/wp-json\/wp\/v2\/comments?post=48621"}],"version-history":[{"count":1,"href":"https:\/\/elterritorialweb.com.ar\/web\/wp-json\/wp\/v2\/posts\/48621\/revisions"}],"predecessor-version":[{"id":48624,"href":"https:\/\/elterritorialweb.com.ar\/web\/wp-json\/wp\/v2\/posts\/48621\/revisions\/48624"}],"wp:featuredmedia":[{"embeddable":true,"href":"https:\/\/elterritorialweb.com.ar\/web\/wp-json\/wp\/v2\/media\/48623"}],"wp:attachment":[{"href":"https:\/\/elterritorialweb.com.ar\/web\/wp-json\/wp\/v2\/media?parent=48621"}],"wp:term":[{"taxonomy":"category","embeddable":true,"href":"https:\/\/elterritorialweb.com.ar\/web\/wp-json\/wp\/v2\/categories?post=48621"},{"taxonomy":"post_tag","embeddable":true,"href":"https:\/\/elterritorialweb.com.ar\/web\/wp-json\/wp\/v2\/tags?post=48621"}],"curies":[{"name":"wp","href":"https:\/\/api.w.org\/{rel}","templated":true}]}}