{"id":48625,"date":"2023-02-05T02:05:30","date_gmt":"2023-02-05T02:05:30","guid":{"rendered":"http:\/\/elterritorialweb.com.ar\/web\/?p=48625"},"modified":"2023-02-05T17:58:18","modified_gmt":"2023-02-05T17:58:18","slug":"en-vivo-la-tercera-noche-del-festival-de-la-salamanca-con-artistas-destacados","status":"publish","type":"post","link":"https:\/\/elterritorialweb.com.ar\/web\/en-vivo-la-tercera-noche-del-festival-de-la-salamanca-con-artistas-destacados\/","title":{"rendered":"EL P\u00daBLICO SALAMANQUERO SE ENCENDI\u00d3 EN LA NOCHE DEL S\u00c1BADO EN EL CLUB SARMIENTO"},"content":{"rendered":"\n<p>En la pen\u00faltima noche el p\u00fablico salamanquero cop\u00f3 las instalaciones del Club Sarmiento en lo que fue un show de variados exponentes de la m\u00fasica provincial y nacional con una importante presencia de p\u00fablico proveniente de localidades del interior y de provincias aleda\u00f1as.<br>Desde la organizaci\u00f3n se inform\u00f3 que en la \u00faltima noche de la edici\u00f3n 2023 del festival se realizaran sorteos de importantes premios como una moto 110 CC, una pileta, una bicicleta, un Smart TV 32\u2019 entre los portadores de los tickets adquiridos en los puntos de venta oficiales.<br>En lo que ser\u00e1 el cierre en la cuarta noche del festival se presentar\u00e1n Los Palmeras, D\u00fao Coplanacu, D\u00fao Orellana Lucca, La Delio Vald\u00e9z, Mart\u00edn Paz, Cuti y Roberto Carabajal, Valeria D\u00edaz, Pablo Carabajal, Juan Saavedra, Mario \u00c1lvarez Quiroga, Juanjo Abreg\u00fa, Kalama Tropical, Victoria Ojeda, Sones santiague\u00f1o, Valeria D\u00edaz, Miguel Figueroa, Ismael Vargas, Edith Corpos, Santi Costas, Misqui Simi Soles y Lunas, Jhoni Mendizabal, Academia \u201cLa Telesita\u201d.<\/p>\n\n\n\n<p><\/p>\n\n\n\n<figure class=\"wp-block-embed is-type-video is-provider-youtube wp-block-embed-youtube wp-embed-aspect-16-9 wp-has-aspect-ratio\"><div class=\"wp-block-embed__wrapper\">\n<iframe title=\"Festival de la Salamanca - S\u00e1bado 04\/02\/2023\" width=\"640\" height=\"360\" data-src=\"https:\/\/www.youtube.com\/embed\/n9wgBP9AjCI?feature=oembed\" frameborder=\"0\" allow=\"accelerometer; autoplay; clipboard-write; encrypted-media; gyroscope; picture-in-picture; web-share\" referrerpolicy=\"strict-origin-when-cross-origin\" allowfullscreen src=\"data:image\/svg+xml;base64,PHN2ZyB3aWR0aD0iMSIgaGVpZ2h0PSIxIiB4bWxucz0iaHR0cDovL3d3dy53My5vcmcvMjAwMC9zdmciPjwvc3ZnPg==\" class=\"lazyload\" data-load-mode=\"1\"><\/iframe>\n<\/div><\/figure>\n","protected":false},"excerpt":{"rendered":"<p>En la cuarta noche de la XXXI Edici\u00f3n del Festival Nacional de La Salamanca el Club Sarmiento se encendi\u00f3 con la presentaci\u00f3n de Los Manseros Santiague\u00f1os, Nahuel Pennisi, Dalila, Raly Barrionuevo, Horacio Banegas, entre otros.<\/p>\n","protected":false},"author":2,"featured_media":48657,"comment_status":"open","ping_status":"open","sticky":false,"template":"","format":"standard","meta":{"om_disable_all_campaigns":false,"_monsterinsights_skip_tracking":false,"_monsterinsights_sitenote_active":false,"_monsterinsights_sitenote_note":"","_monsterinsights_sitenote_category":0,"_uf_show_specific_survey":0,"_uf_disable_surveys":false,"jetpack_post_was_ever_published":false,"_jetpack_newsletter_access":"","_jetpack_dont_email_post_to_subs":false,"_jetpack_newsletter_tier_id":0,"_jetpack_memberships_contains_paywalled_content":false,"_jetpack_memberships_contains_paid_content":false,"footnotes":"","jetpack_publicize_message":"","jetpack_publicize_feature_enabled":true,"jetpack_social_post_already_shared":false,"jetpack_social_options":{"image_generator_settings":{"template":"highway","default_image_id":0,"font":"","enabled":false},"version":2}},"categories":[9,4,20],"tags":[],"class_list":["post-48625","post","type-post","status-publish","format-standard","has-post-thumbnail","hentry","category-banda","category-destacadas","category-especysociales"],"aioseo_notices":[],"views":26,"jetpack_publicize_connections":[],"jetpack_featured_media_url":"https:\/\/i0.wp.com\/elterritorialweb.com.ar\/web\/wp-content\/uploads\/2023\/02\/WhatsApp-Image-2023-02-05-at-05.25.30.jpeg?fit=1280%2C960&ssl=1","jetpack_sharing_enabled":true,"_links":{"self":[{"href":"https:\/\/elterritorialweb.com.ar\/web\/wp-json\/wp\/v2\/posts\/48625","targetHints":{"allow":["GET"]}}],"collection":[{"href":"https:\/\/elterritorialweb.com.ar\/web\/wp-json\/wp\/v2\/posts"}],"about":[{"href":"https:\/\/elterritorialweb.com.ar\/web\/wp-json\/wp\/v2\/types\/post"}],"author":[{"embeddable":true,"href":"https:\/\/elterritorialweb.com.ar\/web\/wp-json\/wp\/v2\/users\/2"}],"replies":[{"embeddable":true,"href":"https:\/\/elterritorialweb.com.ar\/web\/wp-json\/wp\/v2\/comments?post=48625"}],"version-history":[{"count":4,"href":"https:\/\/elterritorialweb.com.ar\/web\/wp-json\/wp\/v2\/posts\/48625\/revisions"}],"predecessor-version":[{"id":48671,"href":"https:\/\/elterritorialweb.com.ar\/web\/wp-json\/wp\/v2\/posts\/48625\/revisions\/48671"}],"wp:featuredmedia":[{"embeddable":true,"href":"https:\/\/elterritorialweb.com.ar\/web\/wp-json\/wp\/v2\/media\/48657"}],"wp:attachment":[{"href":"https:\/\/elterritorialweb.com.ar\/web\/wp-json\/wp\/v2\/media?parent=48625"}],"wp:term":[{"taxonomy":"category","embeddable":true,"href":"https:\/\/elterritorialweb.com.ar\/web\/wp-json\/wp\/v2\/categories?post=48625"},{"taxonomy":"post_tag","embeddable":true,"href":"https:\/\/elterritorialweb.com.ar\/web\/wp-json\/wp\/v2\/tags?post=48625"}],"curies":[{"name":"wp","href":"https:\/\/api.w.org\/{rel}","templated":true}]}}