{"id":48662,"date":"2023-02-05T05:18:07","date_gmt":"2023-02-05T05:18:07","guid":{"rendered":"http:\/\/elterritorialweb.com.ar\/web\/?p=48662"},"modified":"2023-02-06T01:31:29","modified_gmt":"2023-02-06T01:31:29","slug":"los-convocados-por-madelon-para-jugar-con-boca-en-la-bombonera","status":"publish","type":"post","link":"https:\/\/elterritorialweb.com.ar\/web\/los-convocados-por-madelon-para-jugar-con-boca-en-la-bombonera\/","title":{"rendered":"VALIOSO EMPATE DE CENTRAL C\u00d3RDOBA ANTE BOCA EN LA BOMBONERA"},"content":{"rendered":"\n<p><strong>Central C\u00f3rdoba&nbsp;<\/strong>consigui\u00f3 un valioso empate en su visita a&nbsp;<strong>Boca en la Bombonera<\/strong>&nbsp;por la segunda fecha de la<strong>&nbsp;Liga Profesional.<\/strong><\/p>\n\n\n\n<p>A pesar de la importancia del punto conseguido en la casa del \u00faltimo campe\u00f3n, el\u00a0<strong>Ferro\u00a0<\/strong>se vuelve a\u00a0<strong>Santiago\u00a0<\/strong>con un sabor agridulce, ya que tuvo una inmejorable chance de ganarlo con el penal que<strong>\u00a0Chiquito Romero<\/strong>\u00a0le termin\u00f3 tapando a Facundo\u00a0<strong>Castelli\u00a0<\/strong>sobre los 20 minutos del complemento.<\/p>\n\n\n\n<figure class=\"wp-block-image size-full is-resized\"><a href=\"https:\/\/i0.wp.com\/elterritorialweb.com.ar\/web\/wp-content\/uploads\/2023\/02\/image-4.png\"><img data-recalc-dims=\"1\" decoding=\"async\" data-src=\"https:\/\/i0.wp.com\/elterritorialweb.com.ar\/web\/wp-content\/uploads\/2023\/02\/image-4.png?resize=640%2C447\" alt=\"\" class=\"wp-image-48675 lazyload\" width=\"640\" height=\"447\" data-srcset=\"https:\/\/i0.wp.com\/elterritorialweb.com.ar\/web\/wp-content\/uploads\/2023\/02\/image-4.png?w=680&amp;ssl=1 680w, https:\/\/i0.wp.com\/elterritorialweb.com.ar\/web\/wp-content\/uploads\/2023\/02\/image-4.png?resize=300%2C210&amp;ssl=1 300w\" data-sizes=\"(max-width: 640px) 100vw, 640px\" src=\"data:image\/svg+xml;base64,PHN2ZyB3aWR0aD0iMSIgaGVpZ2h0PSIxIiB4bWxucz0iaHR0cDovL3d3dy53My5vcmcvMjAwMC9zdmciPjwvc3ZnPg==\" style=\"--smush-placeholder-width: 640px; --smush-placeholder-aspect-ratio: 640\/447;\" \/><\/a><\/figure>\n\n\n\n<p>Lo mejor del elenco xeneize se dio en el primer per\u00edodo, cuando el paraguayo\u00a0<strong>Oscar Romero\u00a0<\/strong>se juntaba con\u00a0<strong>Guillermo \u00abPol\u00bb Fern\u00e1ndez y Alan Varela<\/strong>\u00a0para manejar los hilos en el medio y los tres buscaban habilitar al veloz<strong>\u00a0Sebasti\u00e1n Villa para inquietar a Marcos Ledesma.<\/strong><\/p>\n\n\n\n<p>Ese primer tiempo tuvo un desarrollo entretenido, con&nbsp;<strong>Boca<\/strong>&nbsp;movi\u00e9ndose mejor y siendo superior.&nbsp;<strong>Central C\u00f3rdoba<\/strong>&nbsp;se par\u00f3 con el cl\u00e1sico esquema de dos l\u00edneas de cuatro bien definidas y arriba dej\u00f3 a los solitarios&nbsp;<strong>Gamba y Castelli.<\/strong><\/p>\n\n\n\n<p>La primera llegada del local fue a los 12 minutos, cuando Villa desbord\u00f3 por izquierda y lanz\u00f3 un centro que conect\u00f3\u00a0<strong>Orsini<\/strong>\u00a0de cabeza, apenas desviado.<\/p>\n\n\n\n<figure class=\"wp-block-image size-full is-resized\"><a href=\"https:\/\/i0.wp.com\/elterritorialweb.com.ar\/web\/wp-content\/uploads\/2023\/02\/image-5.png\"><img data-recalc-dims=\"1\" decoding=\"async\" data-src=\"https:\/\/i0.wp.com\/elterritorialweb.com.ar\/web\/wp-content\/uploads\/2023\/02\/image-5.png?resize=640%2C427\" alt=\"\" class=\"wp-image-48676 lazyload\" width=\"640\" height=\"427\" data-srcset=\"https:\/\/i0.wp.com\/elterritorialweb.com.ar\/web\/wp-content\/uploads\/2023\/02\/image-5.png?w=679&amp;ssl=1 679w, https:\/\/i0.wp.com\/elterritorialweb.com.ar\/web\/wp-content\/uploads\/2023\/02\/image-5.png?resize=300%2C200&amp;ssl=1 300w\" data-sizes=\"(max-width: 640px) 100vw, 640px\" src=\"data:image\/svg+xml;base64,PHN2ZyB3aWR0aD0iMSIgaGVpZ2h0PSIxIiB4bWxucz0iaHR0cDovL3d3dy53My5vcmcvMjAwMC9zdmciPjwvc3ZnPg==\" style=\"--smush-placeholder-width: 640px; --smush-placeholder-aspect-ratio: 640\/427;\" \/><\/a><\/figure>\n\n\n\n<p>A los 15m., una contra bien llevada por&nbsp;<strong>Oscar Romero<\/strong>, de taco desde el medio de la cancha, deriv\u00f3 en pared con&nbsp;<strong>Adv\u00edncula<\/strong>, quien habilit\u00f3 a&nbsp;<strong>Ram\u00edrez&nbsp;<\/strong>y el ex&nbsp;<strong>San Lorenzo<\/strong>&nbsp;la cedi\u00f3 a&nbsp;<strong>Villa<\/strong>, que volvi\u00f3 a dejar solo a&nbsp;<strong>Orsini<\/strong>. El remate del exdelantero de Lan\u00fas fue despejado con los pies por el guardavallas&nbsp;<strong>Ledesma<\/strong>.<\/p>\n\n\n\n<p>A los 21m., un desborde de\u00a0<strong>Villa\u00a0<\/strong>termin\u00f3 en un centro atr\u00e1s que recibi\u00f3\u00a0<strong>Oscar Romero<\/strong>, quien remat\u00f3 con tanta mala suerte que rebot\u00f3 en su compa\u00f1ero\u00a0<strong>Orsini\u00a0<\/strong>y se fue afuera.<\/p>\n\n\n\n<p>La primera llegada de&nbsp;<strong>Central&nbsp;<\/strong>se dio a los 32m., con un disparo de&nbsp;<strong>Pereyra<\/strong>, que contuvo en dos tiempos el arquero&nbsp;<strong>Sergio Romero.<\/strong><\/p>\n\n\n\n<figure class=\"wp-block-image size-large\"><a href=\"https:\/\/i0.wp.com\/elterritorialweb.com.ar\/web\/wp-content\/uploads\/2023\/02\/WhatsApp-Image-2023-02-06-at-00.08.55.jpeg\"><img data-recalc-dims=\"1\" decoding=\"async\" width=\"640\" height=\"426\" data-src=\"https:\/\/i0.wp.com\/elterritorialweb.com.ar\/web\/wp-content\/uploads\/2023\/02\/WhatsApp-Image-2023-02-06-at-00.08.55.jpeg?resize=640%2C426\" alt=\"\" class=\"wp-image-48679 lazyload\" data-srcset=\"https:\/\/i0.wp.com\/elterritorialweb.com.ar\/web\/wp-content\/uploads\/2023\/02\/WhatsApp-Image-2023-02-06-at-00.08.55.jpeg?resize=1024%2C682&amp;ssl=1 1024w, https:\/\/i0.wp.com\/elterritorialweb.com.ar\/web\/wp-content\/uploads\/2023\/02\/WhatsApp-Image-2023-02-06-at-00.08.55.jpeg?resize=300%2C200&amp;ssl=1 300w, https:\/\/i0.wp.com\/elterritorialweb.com.ar\/web\/wp-content\/uploads\/2023\/02\/WhatsApp-Image-2023-02-06-at-00.08.55.jpeg?resize=768%2C512&amp;ssl=1 768w, https:\/\/i0.wp.com\/elterritorialweb.com.ar\/web\/wp-content\/uploads\/2023\/02\/WhatsApp-Image-2023-02-06-at-00.08.55.jpeg?resize=1536%2C1023&amp;ssl=1 1536w, https:\/\/i0.wp.com\/elterritorialweb.com.ar\/web\/wp-content\/uploads\/2023\/02\/WhatsApp-Image-2023-02-06-at-00.08.55.jpeg?w=1600&amp;ssl=1 1600w, https:\/\/i0.wp.com\/elterritorialweb.com.ar\/web\/wp-content\/uploads\/2023\/02\/WhatsApp-Image-2023-02-06-at-00.08.55.jpeg?w=1280 1280w\" data-sizes=\"(max-width: 640px) 100vw, 640px\" src=\"data:image\/svg+xml;base64,PHN2ZyB3aWR0aD0iMSIgaGVpZ2h0PSIxIiB4bWxucz0iaHR0cDovL3d3dy53My5vcmcvMjAwMC9zdmciPjwvc3ZnPg==\" style=\"--smush-placeholder-width: 640px; --smush-placeholder-aspect-ratio: 640\/426;\" \/><\/a><\/figure>\n\n\n\n<p>Tres minutos m\u00e1s tarde, el Ferro tuvo una clar\u00edsima, con un disparo desde fuera del \u00e1rea de&nbsp;<strong>Marcelo Benitez,<\/strong>&nbsp;desde 30 metros, que fue desviado al c\u00f3rner por el guardavallas local.<\/p>\n\n\n\n<p>Despu\u00e9s\u00a0<strong>Boca\u00a0<\/strong>tuvo otras dos situaciones para ponerse en ventaja pero ni\u00a0<strong>Orsini\u00a0<\/strong>ni Villa pudieron conectar.<\/p>\n\n\n\n<p>En la parte final baj\u00f3 ostensiblemente el nivel del&nbsp;<strong>Xeneize&nbsp;<\/strong>y, de a poco,&nbsp;<strong>Central C\u00f3rdoba<\/strong>&nbsp;le fue perdiendo el respeto y se anim\u00f3.<\/p>\n\n\n\n<p>As\u00ed, a los 19m., en una contra armada por\u00a0<strong>Ciro Rius<\/strong>\u00a0por derecha, la cesi\u00f3n al medio para Castelli puso al delantero cara a cara con\u00a0<strong>Chiquito Romero<\/strong>. El guardavallas derrib\u00f3 al delantero dentro del \u00e1rea y el \u00e1rbitro\u00a0<strong>Merlos\u00a0<\/strong>sancion\u00f3 la pena m\u00e1xima.<\/p>\n\n\n\n<p>La ejecuci\u00f3n, a cargo de&nbsp;<strong>Castelli<\/strong>, pero el arquero xeneize par\u00f3 el remate con su mano y sus pies, para ahogar el grito de gol santiague\u00f1o.<\/p>\n\n\n\n<figure class=\"wp-block-image size-full\"><a href=\"https:\/\/i0.wp.com\/elterritorialweb.com.ar\/web\/wp-content\/uploads\/2023\/02\/image-6.png\"><img data-recalc-dims=\"1\" decoding=\"async\" width=\"640\" height=\"361\" data-src=\"https:\/\/i0.wp.com\/elterritorialweb.com.ar\/web\/wp-content\/uploads\/2023\/02\/image-6.png?resize=640%2C361\" alt=\"\" class=\"wp-image-48678 lazyload\" data-srcset=\"https:\/\/i0.wp.com\/elterritorialweb.com.ar\/web\/wp-content\/uploads\/2023\/02\/image-6.png?w=790&amp;ssl=1 790w, https:\/\/i0.wp.com\/elterritorialweb.com.ar\/web\/wp-content\/uploads\/2023\/02\/image-6.png?resize=300%2C169&amp;ssl=1 300w, https:\/\/i0.wp.com\/elterritorialweb.com.ar\/web\/wp-content\/uploads\/2023\/02\/image-6.png?resize=768%2C434&amp;ssl=1 768w\" data-sizes=\"(max-width: 640px) 100vw, 640px\" src=\"data:image\/svg+xml;base64,PHN2ZyB3aWR0aD0iMSIgaGVpZ2h0PSIxIiB4bWxucz0iaHR0cDovL3d3dy53My5vcmcvMjAwMC9zdmciPjwvc3ZnPg==\" style=\"--smush-placeholder-width: 640px; --smush-placeholder-aspect-ratio: 640\/361;\" \/><\/a><\/figure>\n\n\n\n<p>De este modo, el equipo santiague\u00f1o se perdi\u00f3 la oportunidad de emular al conjunto que lleg\u00f3 a la&nbsp;<strong>Bombonera&nbsp;<\/strong>el 15 de octubre de 1967 y se impuso a&nbsp;<strong>Boca&nbsp;<\/strong>por 2-1, en un partido por el&nbsp;<strong>Campeonato Nacional<\/strong>&nbsp;de ese a\u00f1o. Otros tiempos y otro f\u00fatbol, pero&nbsp;<strong>se trat\u00f3 del primer triunfo oficial de un equipo indirectamente afiliado a la AFA en Capital Federal.<\/strong><\/p>\n\n\n\n<p>En la pr\u00f3xima fecha,\u00a0<strong>Central C\u00f3rdoba ser\u00e1 local en el Madre de Ciudades el viernes ante Belgrano desde las 21.30, mientras que Boca se medir\u00e1 el s\u00e1bado pr\u00f3ximo con Talleres, en C\u00f3rdoba.<\/strong><\/p>\n\n\n\n<figure class=\"wp-block-embed is-type-video is-provider-youtube wp-block-embed-youtube wp-embed-aspect-16-9 wp-has-aspect-ratio\"><div class=\"wp-block-embed__wrapper\">\n<iframe title=\"BOCA EMPAT\u00d3 ante el FERROVIARIO y SERGIO ROMERO ATAJ\u00d3 UN PENAL | Boca 0-0 Central C\u00f3rdoba | RESUMEN\" width=\"640\" height=\"360\" data-src=\"https:\/\/www.youtube.com\/embed\/Zo2MCT9XgMo?feature=oembed\" frameborder=\"0\" allow=\"accelerometer; autoplay; clipboard-write; encrypted-media; gyroscope; picture-in-picture; web-share\" referrerpolicy=\"strict-origin-when-cross-origin\" allowfullscreen src=\"data:image\/svg+xml;base64,PHN2ZyB3aWR0aD0iMSIgaGVpZ2h0PSIxIiB4bWxucz0iaHR0cDovL3d3dy53My5vcmcvMjAwMC9zdmciPjwvc3ZnPg==\" class=\"lazyload\" data-load-mode=\"1\"><\/iframe>\n<\/div><\/figure>\n","protected":false},"excerpt":{"rendered":"<p>El Ferro tuvo para ganarlo, pero Chiquito Romero le tap\u00f3 un penal a Castelli terminaron empatando sin goles.<\/p>\n","protected":false},"author":2,"featured_media":48677,"comment_status":"open","ping_status":"open","sticky":false,"template":"","format":"standard","meta":{"om_disable_all_campaigns":false,"_monsterinsights_skip_tracking":false,"_monsterinsights_sitenote_active":false,"_monsterinsights_sitenote_note":"","_monsterinsights_sitenote_category":0,"_uf_show_specific_survey":0,"_uf_disable_surveys":false,"jetpack_post_was_ever_published":false,"_jetpack_newsletter_access":"","_jetpack_dont_email_post_to_subs":false,"_jetpack_newsletter_tier_id":0,"_jetpack_memberships_contains_paywalled_content":false,"_jetpack_memberships_contains_paid_content":false,"footnotes":"","jetpack_publicize_message":"","jetpack_publicize_feature_enabled":true,"jetpack_social_post_already_shared":false,"jetpack_social_options":{"image_generator_settings":{"template":"highway","default_image_id":0,"font":"","enabled":false},"version":2}},"categories":[6],"tags":[],"class_list":["post-48662","post","type-post","status-publish","format-standard","has-post-thumbnail","hentry","category-deportes"],"aioseo_notices":[],"views":15,"jetpack_publicize_connections":[],"jetpack_featured_media_url":"https:\/\/i0.wp.com\/elterritorialweb.com.ar\/web\/wp-content\/uploads\/2023\/02\/WhatsApp-Image-2023-02-06-at-00.08.54.jpeg?fit=1600%2C1066&ssl=1","jetpack_sharing_enabled":true,"_links":{"self":[{"href":"https:\/\/elterritorialweb.com.ar\/web\/wp-json\/wp\/v2\/posts\/48662","targetHints":{"allow":["GET"]}}],"collection":[{"href":"https:\/\/elterritorialweb.com.ar\/web\/wp-json\/wp\/v2\/posts"}],"about":[{"href":"https:\/\/elterritorialweb.com.ar\/web\/wp-json\/wp\/v2\/types\/post"}],"author":[{"embeddable":true,"href":"https:\/\/elterritorialweb.com.ar\/web\/wp-json\/wp\/v2\/users\/2"}],"replies":[{"embeddable":true,"href":"https:\/\/elterritorialweb.com.ar\/web\/wp-json\/wp\/v2\/comments?post=48662"}],"version-history":[{"count":2,"href":"https:\/\/elterritorialweb.com.ar\/web\/wp-json\/wp\/v2\/posts\/48662\/revisions"}],"predecessor-version":[{"id":48680,"href":"https:\/\/elterritorialweb.com.ar\/web\/wp-json\/wp\/v2\/posts\/48662\/revisions\/48680"}],"wp:featuredmedia":[{"embeddable":true,"href":"https:\/\/elterritorialweb.com.ar\/web\/wp-json\/wp\/v2\/media\/48677"}],"wp:attachment":[{"href":"https:\/\/elterritorialweb.com.ar\/web\/wp-json\/wp\/v2\/media?parent=48662"}],"wp:term":[{"taxonomy":"category","embeddable":true,"href":"https:\/\/elterritorialweb.com.ar\/web\/wp-json\/wp\/v2\/categories?post=48662"},{"taxonomy":"post_tag","embeddable":true,"href":"https:\/\/elterritorialweb.com.ar\/web\/wp-json\/wp\/v2\/tags?post=48662"}],"curies":[{"name":"wp","href":"https:\/\/api.w.org\/{rel}","templated":true}]}}