{"id":48681,"date":"2023-02-06T01:42:48","date_gmt":"2023-02-06T01:42:48","guid":{"rendered":"http:\/\/elterritorialweb.com.ar\/web\/?p=48681"},"modified":"2023-02-06T01:42:49","modified_gmt":"2023-02-06T01:42:49","slug":"alberto-fernandez-convoco-a-una-mesa-politica-del-pj-para-disenar-la-estrategia-electoral-del-fdt","status":"publish","type":"post","link":"https:\/\/elterritorialweb.com.ar\/web\/alberto-fernandez-convoco-a-una-mesa-politica-del-pj-para-disenar-la-estrategia-electoral-del-fdt\/","title":{"rendered":"ALBERTO FERN\u00c1NDEZ CONVOC\u00d3 A UNA MESA POL\u00cdTICA DEL PJ PARA DISE\u00d1AR LA ESTRATEGIA ELECTORAL DEL FDT"},"content":{"rendered":"\n<p>A menos de cinco meses de la oficializaci\u00f3n de las candidaturas para las Elecciones Primarias Abiertas Simult\u00e1neas y Obligatorias (PASO) de las\u00a0<strong>Elecciones 2023, el presidente Alberto Fern\u00e1ndez convoc\u00f3 a una mesa pol\u00edtica del Partido Justicialista (PJ) para dise\u00f1ar la estrategia electoral del Frente De Todos<\/strong>.<strong>\u00a0\u00abEstablezcamos las reglas de competencia que sostengan la unidad que nos lleve a la victoria\u00bb<\/strong>, llam\u00f3.<\/p>\n\n\n\n<p>En su cuenta de Twitter, el mandatario escribi\u00f3: \u00ab<strong>Como presidente del PJ<\/strong>, el partido m\u00e1s importante de nuestra coalici\u00f3n de Gobierno,\u00a0<strong>he decidido convocar en los pr\u00f3ximos d\u00edas a la conformaci\u00f3n de una mesa que dise\u00f1e las reglas electorales del Frente\u00a0<\/strong>y la estrategia a seguir con miras a las distintas elecciones de este a\u00f1o\u00bb.<\/p>\n\n\n\n<p>\u00ab<strong>Conf\u00edo en que dicho \u00e1mbito de debate sirva para abrir la convocatoria a los sectores sociales, de la producci\u00f3n y del trabajo<\/strong>\u00a0que acompa\u00f1an a nuestra coalici\u00f3n de Gobierno con los que compartimos un mismo proyecto de pa\u00eds\u00bb, continu\u00f3.<\/p>\n\n\n\n<figure class=\"wp-block-embed is-type-rich is-provider-twitter wp-block-embed-twitter\"><div class=\"wp-block-embed__wrapper\">\n<blockquote class=\"twitter-tweet\" data-width=\"550\" data-dnt=\"true\"><p lang=\"es\" dir=\"ltr\">C\u00f3mo presidente del PJ, el partido m\u00e1s importante de nuestra coalici\u00f3n de Gobierno, he decidido convocar en los pr\u00f3ximos d\u00edas a la conformaci\u00f3n de una mesa que dise\u00f1e las reglas electorales del Frente y la estrategia a seguir con miras a las distintas elecciones de este a\u00f1o.<\/p>&mdash; Alberto Fern\u00e1ndez (@alferdez) <a href=\"https:\/\/twitter.com\/alferdez\/status\/1622219419660214273?ref_src=twsrc%5Etfw\">February 5, 2023<\/a><\/blockquote><script async src=\"https:\/\/platform.twitter.com\/widgets.js\" charset=\"utf-8\"><\/script>\n<\/div><\/figure>\n\n\n\n<blockquote class=\"wp-block-quote is-layout-flow wp-block-quote-is-layout-flow\">\n<p>C\u00f3mo presidente del PJ, el partido m\u00e1s importante de nuestra coalici\u00f3n de Gobierno, he decidido convocar en los pr\u00f3ximos d\u00edas a la conformaci\u00f3n de una mesa que dise\u00f1e las reglas electorales del Frente y la estrategia a seguir con miras a las distintas elecciones de este a\u00f1o.\u2014 Alberto Fern\u00e1ndez (@alferdez)&nbsp;<a href=\"https:\/\/twitter.com\/alferdez\/status\/1622219419660214273?ref_src=twsrc%5Etfw\">February 5, 2023<\/a><\/p>\n<\/blockquote>\n\n\n\n<p><strong>El 24 de junio vence el plazo para la oficializaci\u00f3n de las precandidaturas<\/strong>. Ese mismo d\u00eda, comenzar\u00e1 la campa\u00f1a para las primarias. \u00abNuestros gobernadores y gobernadoras y nuestros intendentes e intendentas deber\u00e1n definir el n\u00facleo dirigencial que represente a la fuerza territorial del Frente de Todos\u00bb, plante\u00f3 Fern\u00e1ndez.<\/p>\n\n\n\n<p>Sin embargo, ante el desdoblamiento de los comicios de varias provincias, que provoca un complejo calendario electoral,&nbsp;<strong>para el mandatario urge trazar cuanto antes un camino a seguir<\/strong>.<\/p>\n\n\n\n<p>\u00abEs mi intenci\u00f3n que los referentes que confluimos con miradas diversas en el peronismo, junto a referentes del Frente Renovador y de otras fuerzas pol\u00edticas que participan del espacio,<strong>&nbsp;establezcamos las reglas de competencia que sostengan la unidad que nos lleve a la victoria<\/strong>\u00ab, sigui\u00f3 el Presidente, con el objetivo de ponerle fin a las internas dentro de la coalici\u00f3n de Gobierno.<\/p>\n\n\n\n<p>\u00ab<strong>Estos desaf\u00edos nos obligan a trabajar para que nuestro Frente se consolid<\/strong><strong>e alrededor de un proyecto de pa\u00eds inclusivo<\/strong>&nbsp;que se desarrolle respetando el federalismo. Un pa\u00eds que recupere tribunales que impartan justicia y no se sometan a poderes f\u00e1cticos\u00bb, agreg\u00f3, en una velada referencia a los conflictos con los jueces en los \u00faltimos tiempos.<\/p>\n\n\n\n<p>El Presidente finaliz\u00f3 con una cr\u00edtica a la gesti\u00f3n de Mauricio Macri.&nbsp;<strong>\u00abNo queremos que la Argentina vuelva a un pasado de persecuci\u00f3n de opositores, de endeudamiento, de fuga de sus capitales, de ca\u00edda de los salarios y de desindustrializaci\u00f3n como el que padecimos durante el Gobierno de Juntos por el Cambio\u00bb<\/strong>, sostuvo.<\/p>\n\n\n\n<p>El kirchnerismo se mostr\u00f3 a favor de la convocatoria del Presidente. Desde las filas que acompa\u00f1an a la vicepresidenta sostienen que \u00abhay mucha expectativa sobre cu\u00e1l va a ser la estrategia que propone Alberto al conjunto del Frente de Todos. Adem\u00e1s de la estrategia electoral y candidaturas creemos necesario discutir las pol\u00edticas que se desarrollar\u00e1n para conquistar a la mayor\u00eda electoral que acompa\u00f1a y acompa\u00f1\u00f3 a nuestro frente pol\u00edtico\u00bb.<\/p>\n","protected":false},"excerpt":{"rendered":"<p>El Presidente realiz\u00f3 el anuncio v\u00eda Twitter. El objetivo es trazar una l\u00ednea a futuro y ponerle fin a las internas dentro de la coalici\u00f3n de Gobierno.<\/p>\n","protected":false},"author":2,"featured_media":48682,"comment_status":"open","ping_status":"open","sticky":false,"template":"","format":"standard","meta":{"om_disable_all_campaigns":false,"_monsterinsights_skip_tracking":false,"_monsterinsights_sitenote_active":false,"_monsterinsights_sitenote_note":"","_monsterinsights_sitenote_category":0,"_uf_show_specific_survey":0,"_uf_disable_surveys":false,"jetpack_post_was_ever_published":false,"_jetpack_newsletter_access":"","_jetpack_dont_email_post_to_subs":false,"_jetpack_newsletter_tier_id":0,"_jetpack_memberships_contains_paywalled_content":false,"_jetpack_memberships_contains_paid_content":false,"footnotes":"","jetpack_publicize_message":"","jetpack_publicize_feature_enabled":true,"jetpack_social_post_already_shared":false,"jetpack_social_options":{"image_generator_settings":{"template":"highway","default_image_id":0,"font":"","enabled":false},"version":2}},"categories":[18],"tags":[],"class_list":["post-48681","post","type-post","status-publish","format-standard","has-post-thumbnail","hentry","category-politica"],"aioseo_notices":[],"views":12,"jetpack_publicize_connections":[],"jetpack_featured_media_url":"https:\/\/i0.wp.com\/elterritorialweb.com.ar\/web\/wp-content\/uploads\/2023\/02\/image-7.png?fit=900%2C506&ssl=1","jetpack_sharing_enabled":true,"_links":{"self":[{"href":"https:\/\/elterritorialweb.com.ar\/web\/wp-json\/wp\/v2\/posts\/48681","targetHints":{"allow":["GET"]}}],"collection":[{"href":"https:\/\/elterritorialweb.com.ar\/web\/wp-json\/wp\/v2\/posts"}],"about":[{"href":"https:\/\/elterritorialweb.com.ar\/web\/wp-json\/wp\/v2\/types\/post"}],"author":[{"embeddable":true,"href":"https:\/\/elterritorialweb.com.ar\/web\/wp-json\/wp\/v2\/users\/2"}],"replies":[{"embeddable":true,"href":"https:\/\/elterritorialweb.com.ar\/web\/wp-json\/wp\/v2\/comments?post=48681"}],"version-history":[{"count":1,"href":"https:\/\/elterritorialweb.com.ar\/web\/wp-json\/wp\/v2\/posts\/48681\/revisions"}],"predecessor-version":[{"id":48683,"href":"https:\/\/elterritorialweb.com.ar\/web\/wp-json\/wp\/v2\/posts\/48681\/revisions\/48683"}],"wp:featuredmedia":[{"embeddable":true,"href":"https:\/\/elterritorialweb.com.ar\/web\/wp-json\/wp\/v2\/media\/48682"}],"wp:attachment":[{"href":"https:\/\/elterritorialweb.com.ar\/web\/wp-json\/wp\/v2\/media?parent=48681"}],"wp:term":[{"taxonomy":"category","embeddable":true,"href":"https:\/\/elterritorialweb.com.ar\/web\/wp-json\/wp\/v2\/categories?post=48681"},{"taxonomy":"post_tag","embeddable":true,"href":"https:\/\/elterritorialweb.com.ar\/web\/wp-json\/wp\/v2\/tags?post=48681"}],"curies":[{"name":"wp","href":"https:\/\/api.w.org\/{rel}","templated":true}]}}