{"id":48690,"date":"2023-02-06T02:02:43","date_gmt":"2023-02-06T02:02:43","guid":{"rendered":"http:\/\/elterritorialweb.com.ar\/web\/?p=48690"},"modified":"2023-02-06T02:02:44","modified_gmt":"2023-02-06T02:02:44","slug":"en-vivo-disfruta-de-la-ultima-noche-del-festival-de-la-salmanca-2023","status":"publish","type":"post","link":"https:\/\/elterritorialweb.com.ar\/web\/en-vivo-disfruta-de-la-ultima-noche-del-festival-de-la-salmanca-2023\/","title":{"rendered":"EN VIVO: DISFRUTA DE LA ULTIMA NOCHE DEL FESTIVAL DE LA SALMANCA 2023"},"content":{"rendered":"\n<p>El&nbsp;<strong>Festival Nacional de La Salamanca&nbsp;<\/strong>llega a su fin y con un rotundo \u00e9xito.&nbsp;<strong>Cientos de artistas y miles de espectadores pasaron por el Club Sarmiento y el escenario Jacinto Piedra en la ciudad de La Banda.<\/strong><\/p>\n\n\n\n<p>En lo que ser\u00e1 el cierre en la cuarta noche del festival se presentar\u00e1n Los Palmeras, D\u00fao Coplanacu, D\u00fao Orellana Lucca, La Delio Vald\u00e9z, Mart\u00edn Paz, Cuti y Roberto Carabajal, Valeria D\u00edaz, Pablo Carabajal, Juan Saavedra, Mario \u00c1lvarez Quiroga, Juanjo Abreg\u00fa, Kalama Tropical, Victoria Ojeda, Sones santiague\u00f1o, Valeria D\u00edaz, &nbsp; Miguel Figueroa, Ismael Vargas, &nbsp;Edith Corpos, Santi Costas, Misqui Simi Soles y Lunas, Jhoni Mendizabal, Academia \u201cLa Telesita\u201d.<\/p>\n\n\n\n<figure class=\"wp-block-embed is-type-rich is-provider-gestor-del-servicio wp-block-embed-gestor-del-servicio wp-embed-aspect-16-9 wp-has-aspect-ratio\"><div class=\"wp-block-embed__wrapper\">\n<iframe title=\"Festival de la Salamanca - Domingo 05\/02\/2023\" width=\"640\" height=\"360\" data-src=\"https:\/\/www.youtube.com\/embed\/7FP3ao14lOE?feature=oembed\" frameborder=\"0\" allow=\"accelerometer; autoplay; clipboard-write; encrypted-media; gyroscope; picture-in-picture; web-share\" referrerpolicy=\"strict-origin-when-cross-origin\" allowfullscreen src=\"data:image\/svg+xml;base64,PHN2ZyB3aWR0aD0iMSIgaGVpZ2h0PSIxIiB4bWxucz0iaHR0cDovL3d3dy53My5vcmcvMjAwMC9zdmciPjwvc3ZnPg==\" class=\"lazyload\" data-load-mode=\"1\"><\/iframe>\n<\/div><\/figure>\n","protected":false},"excerpt":{"rendered":"<p>En la \u00faltima noche salamanquera har\u00e1n su presentaci\u00f3n Los Palmeras, D\u00fao Coplanacu, D\u00fao Orellana Lucca, La Delio Vald\u00e9z, Mart\u00edn Paz, Cuti y Roberto Carabajal y muchos m\u00e1s.<\/p>\n","protected":false},"author":2,"featured_media":48693,"comment_status":"open","ping_status":"open","sticky":false,"template":"","format":"standard","meta":{"om_disable_all_campaigns":false,"_monsterinsights_skip_tracking":false,"_monsterinsights_sitenote_active":false,"_monsterinsights_sitenote_note":"","_monsterinsights_sitenote_category":0,"_uf_show_specific_survey":0,"_uf_disable_surveys":false,"jetpack_post_was_ever_published":false,"_jetpack_newsletter_access":"","_jetpack_dont_email_post_to_subs":false,"_jetpack_newsletter_tier_id":0,"_jetpack_memberships_contains_paywalled_content":false,"_jetpack_memberships_contains_paid_content":false,"footnotes":"","jetpack_publicize_message":"","jetpack_publicize_feature_enabled":true,"jetpack_social_post_already_shared":false,"jetpack_social_options":{"image_generator_settings":{"template":"highway","default_image_id":0,"font":"","enabled":false},"version":2}},"categories":[9,4,20],"tags":[],"class_list":["post-48690","post","type-post","status-publish","format-standard","has-post-thumbnail","hentry","category-banda","category-destacadas","category-especysociales"],"aioseo_notices":[],"views":23,"jetpack_publicize_connections":[],"jetpack_featured_media_url":"https:\/\/i0.wp.com\/elterritorialweb.com.ar\/web\/wp-content\/uploads\/2023\/02\/WhatsApp-Image-2023-02-06-at-02.59.56.jpeg?fit=1599%2C899&ssl=1","jetpack_sharing_enabled":true,"_links":{"self":[{"href":"https:\/\/elterritorialweb.com.ar\/web\/wp-json\/wp\/v2\/posts\/48690","targetHints":{"allow":["GET"]}}],"collection":[{"href":"https:\/\/elterritorialweb.com.ar\/web\/wp-json\/wp\/v2\/posts"}],"about":[{"href":"https:\/\/elterritorialweb.com.ar\/web\/wp-json\/wp\/v2\/types\/post"}],"author":[{"embeddable":true,"href":"https:\/\/elterritorialweb.com.ar\/web\/wp-json\/wp\/v2\/users\/2"}],"replies":[{"embeddable":true,"href":"https:\/\/elterritorialweb.com.ar\/web\/wp-json\/wp\/v2\/comments?post=48690"}],"version-history":[{"count":1,"href":"https:\/\/elterritorialweb.com.ar\/web\/wp-json\/wp\/v2\/posts\/48690\/revisions"}],"predecessor-version":[{"id":48694,"href":"https:\/\/elterritorialweb.com.ar\/web\/wp-json\/wp\/v2\/posts\/48690\/revisions\/48694"}],"wp:featuredmedia":[{"embeddable":true,"href":"https:\/\/elterritorialweb.com.ar\/web\/wp-json\/wp\/v2\/media\/48693"}],"wp:attachment":[{"href":"https:\/\/elterritorialweb.com.ar\/web\/wp-json\/wp\/v2\/media?parent=48690"}],"wp:term":[{"taxonomy":"category","embeddable":true,"href":"https:\/\/elterritorialweb.com.ar\/web\/wp-json\/wp\/v2\/categories?post=48690"},{"taxonomy":"post_tag","embeddable":true,"href":"https:\/\/elterritorialweb.com.ar\/web\/wp-json\/wp\/v2\/tags?post=48690"}],"curies":[{"name":"wp","href":"https:\/\/api.w.org\/{rel}","templated":true}]}}