{"id":48738,"date":"2023-02-06T08:02:25","date_gmt":"2023-02-06T08:02:25","guid":{"rendered":"http:\/\/elterritorialweb.com.ar\/web\/?p=48738"},"modified":"2023-02-06T08:02:26","modified_gmt":"2023-02-06T08:02:26","slug":"la-delio-valdez-avivo-el-fuego-salamanquero-en-la-ultima-noche-del-festival","status":"publish","type":"post","link":"https:\/\/elterritorialweb.com.ar\/web\/la-delio-valdez-avivo-el-fuego-salamanquero-en-la-ultima-noche-del-festival\/","title":{"rendered":"LA DELIO VALDEZ AVIV\u00d3 EL FUEGO SALAMANQUERO EN LA \u00daLTIMA NOCHE DEL FESTIVAL"},"content":{"rendered":"\n<p>Asimismo, la orquesta bonaerense aviv\u00f3 el fuego salamanquero en el \u201cJacinto Piedra\u201d, escenario que compartieron durante la noche con Los Palmera, D\u00fao Orellana Lucca, D\u00fao Coplanacu y muchos grandes artistas m\u00e1s.<\/p>\n\n\n\n<figure class=\"wp-block-image size-large\"><a href=\"https:\/\/i0.wp.com\/elterritorialweb.com.ar\/web\/wp-content\/uploads\/2023\/02\/IMG-20230206-WA0051.jpg\"><img data-recalc-dims=\"1\" decoding=\"async\" width=\"640\" height=\"429\" data-src=\"https:\/\/i0.wp.com\/elterritorialweb.com.ar\/web\/wp-content\/uploads\/2023\/02\/IMG-20230206-WA0051.jpg?resize=640%2C429\" alt=\"\" class=\"wp-image-48739 lazyload\" data-srcset=\"https:\/\/i0.wp.com\/elterritorialweb.com.ar\/web\/wp-content\/uploads\/2023\/02\/IMG-20230206-WA0051.jpg?resize=1024%2C687&amp;ssl=1 1024w, https:\/\/i0.wp.com\/elterritorialweb.com.ar\/web\/wp-content\/uploads\/2023\/02\/IMG-20230206-WA0051.jpg?resize=300%2C201&amp;ssl=1 300w, https:\/\/i0.wp.com\/elterritorialweb.com.ar\/web\/wp-content\/uploads\/2023\/02\/IMG-20230206-WA0051.jpg?resize=768%2C516&amp;ssl=1 768w, https:\/\/i0.wp.com\/elterritorialweb.com.ar\/web\/wp-content\/uploads\/2023\/02\/IMG-20230206-WA0051.jpg?w=1448&amp;ssl=1 1448w, https:\/\/i0.wp.com\/elterritorialweb.com.ar\/web\/wp-content\/uploads\/2023\/02\/IMG-20230206-WA0051.jpg?w=1280 1280w\" data-sizes=\"(max-width: 640px) 100vw, 640px\" src=\"data:image\/svg+xml;base64,PHN2ZyB3aWR0aD0iMSIgaGVpZ2h0PSIxIiB4bWxucz0iaHR0cDovL3d3dy53My5vcmcvMjAwMC9zdmciPjwvc3ZnPg==\" style=\"--smush-placeholder-width: 640px; --smush-placeholder-aspect-ratio: 640\/429;\" \/><\/a><\/figure>\n\n\n\n<p>En dialogo con los medios de comunicaci\u00f3n, la agrupaci\u00f3n agradeci\u00f3 su convocatoria por segundo a\u00f1o consecutivo, oportunidad en la que Ivonne Guzm\u00e1n pudo estar presente, y dijeron que \u201ces un honor estar presentes en este gran escenario hist\u00f3rico, con tanta trayectoria y cultura, que recibi\u00f3 a enormes artistas\u201d.<\/p>\n","protected":false},"excerpt":{"rendered":"<p>En la \u00faltima noche de la XXXI Edici\u00f3n del Festival Nacional de La Salamanca, La Delio Valdez hizo mover a todo el p\u00fablico que colmaba el estadio del Club Sarmiento de la ciudad de La Banda.<\/p>\n","protected":false},"author":2,"featured_media":48740,"comment_status":"open","ping_status":"open","sticky":false,"template":"","format":"standard","meta":{"om_disable_all_campaigns":false,"_monsterinsights_skip_tracking":false,"_monsterinsights_sitenote_active":false,"_monsterinsights_sitenote_note":"","_monsterinsights_sitenote_category":0,"_uf_show_specific_survey":0,"_uf_disable_surveys":false,"jetpack_post_was_ever_published":false,"_jetpack_newsletter_access":"","_jetpack_dont_email_post_to_subs":false,"_jetpack_newsletter_tier_id":0,"_jetpack_memberships_contains_paywalled_content":false,"_jetpack_memberships_contains_paid_content":false,"footnotes":"","jetpack_publicize_message":"","jetpack_publicize_feature_enabled":true,"jetpack_social_post_already_shared":false,"jetpack_social_options":{"image_generator_settings":{"template":"highway","default_image_id":0,"font":"","enabled":false},"version":2}},"categories":[9,20],"tags":[],"class_list":["post-48738","post","type-post","status-publish","format-standard","has-post-thumbnail","hentry","category-banda","category-especysociales"],"aioseo_notices":[],"views":12,"jetpack_publicize_connections":[],"jetpack_featured_media_url":"https:\/\/i0.wp.com\/elterritorialweb.com.ar\/web\/wp-content\/uploads\/2023\/02\/IMG-20230206-WA0057.jpg?fit=1080%2C797&ssl=1","jetpack_sharing_enabled":true,"_links":{"self":[{"href":"https:\/\/elterritorialweb.com.ar\/web\/wp-json\/wp\/v2\/posts\/48738","targetHints":{"allow":["GET"]}}],"collection":[{"href":"https:\/\/elterritorialweb.com.ar\/web\/wp-json\/wp\/v2\/posts"}],"about":[{"href":"https:\/\/elterritorialweb.com.ar\/web\/wp-json\/wp\/v2\/types\/post"}],"author":[{"embeddable":true,"href":"https:\/\/elterritorialweb.com.ar\/web\/wp-json\/wp\/v2\/users\/2"}],"replies":[{"embeddable":true,"href":"https:\/\/elterritorialweb.com.ar\/web\/wp-json\/wp\/v2\/comments?post=48738"}],"version-history":[{"count":1,"href":"https:\/\/elterritorialweb.com.ar\/web\/wp-json\/wp\/v2\/posts\/48738\/revisions"}],"predecessor-version":[{"id":48741,"href":"https:\/\/elterritorialweb.com.ar\/web\/wp-json\/wp\/v2\/posts\/48738\/revisions\/48741"}],"wp:featuredmedia":[{"embeddable":true,"href":"https:\/\/elterritorialweb.com.ar\/web\/wp-json\/wp\/v2\/media\/48740"}],"wp:attachment":[{"href":"https:\/\/elterritorialweb.com.ar\/web\/wp-json\/wp\/v2\/media?parent=48738"}],"wp:term":[{"taxonomy":"category","embeddable":true,"href":"https:\/\/elterritorialweb.com.ar\/web\/wp-json\/wp\/v2\/categories?post=48738"},{"taxonomy":"post_tag","embeddable":true,"href":"https:\/\/elterritorialweb.com.ar\/web\/wp-json\/wp\/v2\/tags?post=48738"}],"curies":[{"name":"wp","href":"https:\/\/api.w.org\/{rel}","templated":true}]}}