{"id":48743,"date":"2023-02-06T08:13:53","date_gmt":"2023-02-06T08:13:53","guid":{"rendered":"http:\/\/elterritorialweb.com.ar\/web\/?p=48743"},"modified":"2023-02-06T08:14:33","modified_gmt":"2023-02-06T08:14:33","slug":"los-palmeras-pusieron-a-bailar-a-la-multitud-que-colmo-el-club-sarmiento","status":"publish","type":"post","link":"https:\/\/elterritorialweb.com.ar\/web\/los-palmeras-pusieron-a-bailar-a-la-multitud-que-colmo-el-club-sarmiento\/","title":{"rendered":"LOS PALMERAS PUSIERON A BAILAR A LA MULTITUD QUE COLM\u00d3 EL CLUB SARMIENTO"},"content":{"rendered":"\n<p>En di\u00e1logo con los medios presentes, Rub\u00e9n H\u00e9ctor Deicas \u201cCacho\u201d, cantante de la agrupaci\u00f3n, indic\u00f3: \u00abEstamos pasando por uno de los mejores momentos, estos \u00faltimos tres a\u00f1os han sido maravillosos, tuvimos oportunidad de compartir estudio y escenarios con colegas muy talentosos que nos han impulsado a seguir creciendo. Tuvimos oportunidad de grabar con el artista del trap Lit Killah y hay muchos j\u00f3venes que tienen vocaci\u00f3n por la m\u00fasica y quieren expresarlo y trascender y nosotros solo brindamos ese espacio compartimos nuestra trayectoria en cada colaboraci\u00f3n que hacemos\u00bb.<br>\u00abEstamos contentos de formar parte de La Salamanca que es una fiesta en la que la gente viene a bailar y a divertirse y que se ha convertido en una tradicion del noroeste argentino\u00bb.<br>\u00abVenimos participando festivales imponentes como Cosquin y Jes\u00fas Mar\u00eda que son festivales folcl\u00f3ricos. Es un logro insertarse en el movimiento folcl\u00f3ricos es verdaderamente un privilegio\u00bb, finaliz\u00f3 \u00b4Cacho\u00b4.<\/p>\n","protected":false},"excerpt":{"rendered":"<p>El grupo de cumbia santafecina que est\u00e1 cumpliendo 50 a\u00f1os de trayectoria se presentaron en la \u00faltima noche del Festival Nacional de La Salamanca.<\/p>\n","protected":false},"author":2,"featured_media":48744,"comment_status":"open","ping_status":"open","sticky":false,"template":"","format":"standard","meta":{"om_disable_all_campaigns":false,"_monsterinsights_skip_tracking":false,"_monsterinsights_sitenote_active":false,"_monsterinsights_sitenote_note":"","_monsterinsights_sitenote_category":0,"_uf_show_specific_survey":0,"_uf_disable_surveys":false,"jetpack_post_was_ever_published":false,"_jetpack_newsletter_access":"","_jetpack_dont_email_post_to_subs":false,"_jetpack_newsletter_tier_id":0,"_jetpack_memberships_contains_paywalled_content":false,"_jetpack_memberships_contains_paid_content":false,"footnotes":"","jetpack_publicize_message":"","jetpack_publicize_feature_enabled":true,"jetpack_social_post_already_shared":false,"jetpack_social_options":{"image_generator_settings":{"template":"highway","default_image_id":0,"font":"","enabled":false},"version":2}},"categories":[9,20],"tags":[],"class_list":["post-48743","post","type-post","status-publish","format-standard","has-post-thumbnail","hentry","category-banda","category-especysociales"],"aioseo_notices":[],"views":12,"jetpack_publicize_connections":[],"jetpack_featured_media_url":"https:\/\/i0.wp.com\/elterritorialweb.com.ar\/web\/wp-content\/uploads\/2023\/02\/IMG-20230206-WA0048.jpg?fit=1280%2C859&ssl=1","jetpack_sharing_enabled":true,"_links":{"self":[{"href":"https:\/\/elterritorialweb.com.ar\/web\/wp-json\/wp\/v2\/posts\/48743","targetHints":{"allow":["GET"]}}],"collection":[{"href":"https:\/\/elterritorialweb.com.ar\/web\/wp-json\/wp\/v2\/posts"}],"about":[{"href":"https:\/\/elterritorialweb.com.ar\/web\/wp-json\/wp\/v2\/types\/post"}],"author":[{"embeddable":true,"href":"https:\/\/elterritorialweb.com.ar\/web\/wp-json\/wp\/v2\/users\/2"}],"replies":[{"embeddable":true,"href":"https:\/\/elterritorialweb.com.ar\/web\/wp-json\/wp\/v2\/comments?post=48743"}],"version-history":[{"count":1,"href":"https:\/\/elterritorialweb.com.ar\/web\/wp-json\/wp\/v2\/posts\/48743\/revisions"}],"predecessor-version":[{"id":48745,"href":"https:\/\/elterritorialweb.com.ar\/web\/wp-json\/wp\/v2\/posts\/48743\/revisions\/48745"}],"wp:featuredmedia":[{"embeddable":true,"href":"https:\/\/elterritorialweb.com.ar\/web\/wp-json\/wp\/v2\/media\/48744"}],"wp:attachment":[{"href":"https:\/\/elterritorialweb.com.ar\/web\/wp-json\/wp\/v2\/media?parent=48743"}],"wp:term":[{"taxonomy":"category","embeddable":true,"href":"https:\/\/elterritorialweb.com.ar\/web\/wp-json\/wp\/v2\/categories?post=48743"},{"taxonomy":"post_tag","embeddable":true,"href":"https:\/\/elterritorialweb.com.ar\/web\/wp-json\/wp\/v2\/tags?post=48743"}],"curies":[{"name":"wp","href":"https:\/\/api.w.org\/{rel}","templated":true}]}}