{"id":48746,"date":"2023-02-06T08:35:42","date_gmt":"2023-02-06T08:35:42","guid":{"rendered":"http:\/\/elterritorialweb.com.ar\/web\/?p=48746"},"modified":"2023-02-06T08:43:16","modified_gmt":"2023-02-06T08:43:16","slug":"nediani-agradecio-el-apoyo-recibido-en-la-nueva-edicion-del-festival-nacional-de-la-salamanca","status":"publish","type":"post","link":"https:\/\/elterritorialweb.com.ar\/web\/nediani-agradecio-el-apoyo-recibido-en-la-nueva-edicion-del-festival-nacional-de-la-salamanca\/","title":{"rendered":"NEDIANI AGRADECI\u00d3 EL APOYO RECIBIDO EN LA NUEVA EDICI\u00d3N DEL FESTIVAL NACIONAL DE LA SALAMANCA"},"content":{"rendered":"\n<p>En primer t\u00e9rmino, Nediani agradeci\u00f3 el acompa\u00f1amiento del intendente de General Pinedo, Chaco, Franco Ciucci, el intendente de San Carlos, Salta, H\u00e9ctor Ra\u00fal Vargas y el Secretario de Salud de la Intendencia de C\u00f3rdoba, Capital, Dr. Ariel Aleksandroff.<br>As\u00ed tambi\u00e9n, el jefe comunal agradeci\u00f3 el apoyo y la difusi\u00f3n que le dieron al festival los funcionarios, dirigentes y militantes del Frente Renovador de diferentes ciudades de Santiago del Estero<br>Asimismo, destac\u00f3 el trabajo que realizaron las autoridades que integran el Departamento Ejecutivo Municipal y la Comisi\u00f3n Organizadora del Festival Nacional de La Salamanca, y tambi\u00e9n resalt\u00f3 el apoyo de los concejales del Honorable Concejo Deliberante de La Banda y las autoridades de la Defensor\u00eda del Pueblo de La Banda.<br>Por \u00faltimo, el intendente Nediani agradeci\u00f3 el trabajo de los empleados y empleadas municipales de todas las \u00e1reas que intervinieron en el festival y brind\u00f3 un agradecimiento eterno a los vecinos y vecinas de la ciudad de La Banda, sobre todo a los que viven en zonas aleda\u00f1as al Estadio \u00abCiudad de La Banda\u00bb del Club Atl\u00e9tico Sarmiento, que supieron comprender los inconvenientes que hubo en el tr\u00e1nsito durante las cuatro noches del festival, esto es algo que valoran mucho las autoridades del municipio.<br>\u00abEsta XXXI Edici\u00f3n del Festival Nacional de la Salamanca fue posible porque el pueblo de la ciudad de La Banda lo quiere, ning\u00fan intendente tiene el derecho de decir soy el creador del festival, el pueblo bande\u00f1o ha querido que as\u00ed sea y es el \u00fanico con derecho de sentirse los creadores de este gran encuentro cultural\u00bb, concluy\u00f3 el intendente bande\u00f1o.<\/p>\n","protected":false},"excerpt":{"rendered":"<p>El intendente de la ciudad de La Banda, Roger Nediani, agradeci\u00f3 a todos aquellos que de una u otra forma hicieron que la XXXI Edici\u00f3n del Festival Nacional de La Salamanca sea todo un \u00e9xito, consolidando a este espect\u00e1culo como el m\u00e1s importante del norte argentino.<\/p>\n","protected":false},"author":2,"featured_media":48747,"comment_status":"open","ping_status":"open","sticky":false,"template":"","format":"standard","meta":{"om_disable_all_campaigns":false,"_monsterinsights_skip_tracking":false,"_monsterinsights_sitenote_active":false,"_monsterinsights_sitenote_note":"","_monsterinsights_sitenote_category":0,"_uf_show_specific_survey":0,"_uf_disable_surveys":false,"jetpack_post_was_ever_published":false,"_jetpack_newsletter_access":"","_jetpack_dont_email_post_to_subs":false,"_jetpack_newsletter_tier_id":0,"_jetpack_memberships_contains_paywalled_content":false,"_jetpack_memberships_contains_paid_content":false,"footnotes":"","jetpack_publicize_message":"","jetpack_publicize_feature_enabled":true,"jetpack_social_post_already_shared":false,"jetpack_social_options":{"image_generator_settings":{"template":"highway","default_image_id":0,"font":"","enabled":false},"version":2}},"categories":[9,20],"tags":[],"class_list":["post-48746","post","type-post","status-publish","format-standard","has-post-thumbnail","hentry","category-banda","category-especysociales"],"aioseo_notices":[],"views":15,"jetpack_publicize_connections":[],"jetpack_featured_media_url":"https:\/\/i0.wp.com\/elterritorialweb.com.ar\/web\/wp-content\/uploads\/2023\/02\/IMG-20230206-WA0053.jpg?fit=1280%2C960&ssl=1","jetpack_sharing_enabled":true,"_links":{"self":[{"href":"https:\/\/elterritorialweb.com.ar\/web\/wp-json\/wp\/v2\/posts\/48746","targetHints":{"allow":["GET"]}}],"collection":[{"href":"https:\/\/elterritorialweb.com.ar\/web\/wp-json\/wp\/v2\/posts"}],"about":[{"href":"https:\/\/elterritorialweb.com.ar\/web\/wp-json\/wp\/v2\/types\/post"}],"author":[{"embeddable":true,"href":"https:\/\/elterritorialweb.com.ar\/web\/wp-json\/wp\/v2\/users\/2"}],"replies":[{"embeddable":true,"href":"https:\/\/elterritorialweb.com.ar\/web\/wp-json\/wp\/v2\/comments?post=48746"}],"version-history":[{"count":1,"href":"https:\/\/elterritorialweb.com.ar\/web\/wp-json\/wp\/v2\/posts\/48746\/revisions"}],"predecessor-version":[{"id":48748,"href":"https:\/\/elterritorialweb.com.ar\/web\/wp-json\/wp\/v2\/posts\/48746\/revisions\/48748"}],"wp:featuredmedia":[{"embeddable":true,"href":"https:\/\/elterritorialweb.com.ar\/web\/wp-json\/wp\/v2\/media\/48747"}],"wp:attachment":[{"href":"https:\/\/elterritorialweb.com.ar\/web\/wp-json\/wp\/v2\/media?parent=48746"}],"wp:term":[{"taxonomy":"category","embeddable":true,"href":"https:\/\/elterritorialweb.com.ar\/web\/wp-json\/wp\/v2\/categories?post=48746"},{"taxonomy":"post_tag","embeddable":true,"href":"https:\/\/elterritorialweb.com.ar\/web\/wp-json\/wp\/v2\/tags?post=48746"}],"curies":[{"name":"wp","href":"https:\/\/api.w.org\/{rel}","templated":true}]}}