{"id":48752,"date":"2023-02-06T08:53:06","date_gmt":"2023-02-06T08:53:06","guid":{"rendered":"http:\/\/elterritorialweb.com.ar\/web\/?p=48752"},"modified":"2023-02-06T14:26:17","modified_gmt":"2023-02-06T14:26:17","slug":"un-terremoto-de-78-grados-sacudio-turquia","status":"publish","type":"post","link":"https:\/\/elterritorialweb.com.ar\/web\/un-terremoto-de-78-grados-sacudio-turquia\/","title":{"rendered":"UN TERREMOTO DE 7,8 GRADOS SACUDI\u00d3 TURQU\u00cdA"},"content":{"rendered":"\n<p><strong>Un terremoto de 7,8 grados de magnitud<\/strong>&nbsp;en la escala de Richter se gener\u00f3 en la madrugada del lunes en el sur de Turqu\u00eda, con epicentro cerca de Gaziantep, ubicada a m\u00e1s de 1.100 kil\u00f3metros de Estambul, capital del pa\u00eds.<\/p>\n\n\n\n<p>Las autoridades turcas por el momento&nbsp;<strong>no reportaron muertos ni heridos<\/strong>. Sin embargo, algunos videos publicados en redes sociales muestran edificios totalmente destruidos en varias localidades del sureste turco.<\/p>\n\n\n\n<p>La regi\u00f3n de Gaziantep es un importante centro industrial y manufacturero de Turqu\u00eda, que cuenta con m\u00e1s de 1.200.000 habitantes. Al estar pr\u00f3xima a la frontera,\u00a0<strong>el movimiento se sinti\u00f3 en L\u00edbano, Siria y Chipre<\/strong>, inform\u00f3\u00a0<em>AFP<\/em>.<\/p>\n\n\n\n<h3 class=\"wp-block-heading\"><strong>PRIMERAS IM\u00c1GENES DEL TERREMOTO EN TURQU\u00cdA <\/strong><\/h3>\n\n\n\n<figure class=\"wp-block-embed is-type-rich is-provider-twitter wp-block-embed-twitter\"><div class=\"wp-block-embed__wrapper\">\n<blockquote class=\"twitter-tweet\" data-width=\"550\" data-dnt=\"true\"><p lang=\"es\" dir=\"ltr\">\u26a0\ufe0fVIDEO | Primeras im\u00e1genes del terremoto en Turqu\u00eda M7.8. <a href=\"https:\/\/t.co\/t5ZwrRFWWu\">pic.twitter.com\/t5ZwrRFWWu<\/a><\/p>&mdash; Sismologia Mundial (@SismoMundial) <a href=\"https:\/\/twitter.com\/SismoMundial\/status\/1622422100781813761?ref_src=twsrc%5Etfw\">February 6, 2023<\/a><\/blockquote><script async src=\"https:\/\/platform.twitter.com\/widgets.js\" charset=\"utf-8\"><\/script>\n<\/div><\/figure>\n","protected":false},"excerpt":{"rendered":"<p>El movimiento s\u00edsmico se produjo en la madrugada en la ciudad de Gaziantep.<\/p>\n","protected":false},"author":2,"featured_media":48753,"comment_status":"open","ping_status":"open","sticky":false,"template":"","format":"standard","meta":{"om_disable_all_campaigns":false,"_monsterinsights_skip_tracking":false,"_monsterinsights_sitenote_active":false,"_monsterinsights_sitenote_note":"","_monsterinsights_sitenote_category":0,"_uf_show_specific_survey":0,"_uf_disable_surveys":false,"jetpack_post_was_ever_published":false,"_jetpack_newsletter_access":"","_jetpack_dont_email_post_to_subs":false,"_jetpack_newsletter_tier_id":0,"_jetpack_memberships_contains_paywalled_content":false,"_jetpack_memberships_contains_paid_content":false,"footnotes":"","jetpack_publicize_message":"","jetpack_publicize_feature_enabled":true,"jetpack_social_post_already_shared":false,"jetpack_social_options":{"image_generator_settings":{"template":"highway","default_image_id":0,"font":"","enabled":false},"version":2}},"categories":[4,10],"tags":[],"class_list":["post-48752","post","type-post","status-publish","format-standard","has-post-thumbnail","hentry","category-destacadas","category-internacionales"],"aioseo_notices":[],"views":16,"jetpack_publicize_connections":[],"jetpack_featured_media_url":"https:\/\/i0.wp.com\/elterritorialweb.com.ar\/web\/wp-content\/uploads\/2023\/02\/YJPXTVNIEBFRJADDO3HLK5ZXLM.jpg?fit=900%2C600&ssl=1","jetpack_sharing_enabled":true,"_links":{"self":[{"href":"https:\/\/elterritorialweb.com.ar\/web\/wp-json\/wp\/v2\/posts\/48752","targetHints":{"allow":["GET"]}}],"collection":[{"href":"https:\/\/elterritorialweb.com.ar\/web\/wp-json\/wp\/v2\/posts"}],"about":[{"href":"https:\/\/elterritorialweb.com.ar\/web\/wp-json\/wp\/v2\/types\/post"}],"author":[{"embeddable":true,"href":"https:\/\/elterritorialweb.com.ar\/web\/wp-json\/wp\/v2\/users\/2"}],"replies":[{"embeddable":true,"href":"https:\/\/elterritorialweb.com.ar\/web\/wp-json\/wp\/v2\/comments?post=48752"}],"version-history":[{"count":3,"href":"https:\/\/elterritorialweb.com.ar\/web\/wp-json\/wp\/v2\/posts\/48752\/revisions"}],"predecessor-version":[{"id":48758,"href":"https:\/\/elterritorialweb.com.ar\/web\/wp-json\/wp\/v2\/posts\/48752\/revisions\/48758"}],"wp:featuredmedia":[{"embeddable":true,"href":"https:\/\/elterritorialweb.com.ar\/web\/wp-json\/wp\/v2\/media\/48753"}],"wp:attachment":[{"href":"https:\/\/elterritorialweb.com.ar\/web\/wp-json\/wp\/v2\/media?parent=48752"}],"wp:term":[{"taxonomy":"category","embeddable":true,"href":"https:\/\/elterritorialweb.com.ar\/web\/wp-json\/wp\/v2\/categories?post=48752"},{"taxonomy":"post_tag","embeddable":true,"href":"https:\/\/elterritorialweb.com.ar\/web\/wp-json\/wp\/v2\/tags?post=48752"}],"curies":[{"name":"wp","href":"https:\/\/api.w.org\/{rel}","templated":true}]}}