{"id":48763,"date":"2023-02-06T14:25:44","date_gmt":"2023-02-06T14:25:44","guid":{"rendered":"http:\/\/elterritorialweb.com.ar\/web\/?p=48763"},"modified":"2023-02-06T14:26:26","modified_gmt":"2023-02-06T14:26:26","slug":"el-tribunal-dara-a-conocer-el-veredicto-del-caso-baez-sosa","status":"publish","type":"post","link":"https:\/\/elterritorialweb.com.ar\/web\/el-tribunal-dara-a-conocer-el-veredicto-del-caso-baez-sosa\/","title":{"rendered":"EL TRIBUNAL DAR\u00c1 A CONOCER EL VEREDICTO DEL CASO BAEZ SOSA"},"content":{"rendered":"\n<p><strong>Este lunes a las 13 el Tribunal Oral en lo Criminal N\u00b0 1 de Dolores dar\u00e1 a conocer el veredicto del juicio\u00a0<\/strong>a los ocho rugbiers acusados de matar a golpes a<strong>\u00a0Fernando B\u00e1ez Sosa\u00a0<\/strong>durante la madrugada del 18 de enero de 2020, a la salida de un boliche de la localidad balnearia de Villa Gesell.<\/p>\n\n\n\n<p>La lectura tendr\u00e1 una transmisi\u00f3n centralizada que podr\u00e1 verse por el canal de YouTube de la Direcci\u00f3n de Prensa y Comunicaci\u00f3n de la Suprema Corte de Justicia de la Provincia de Buenos Aires.\u00a0<\/p>\n\n\n\n<figure class=\"wp-block-image size-full\"><a href=\"https:\/\/i0.wp.com\/elterritorialweb.com.ar\/web\/wp-content\/uploads\/2023\/01\/juicio-fernando-baez-sosajpeg.jpeg\"><img data-recalc-dims=\"1\" decoding=\"async\" width=\"640\" height=\"426\" data-src=\"https:\/\/i0.wp.com\/elterritorialweb.com.ar\/web\/wp-content\/uploads\/2023\/01\/juicio-fernando-baez-sosajpeg.jpeg?resize=640%2C426\" alt=\"\" class=\"wp-image-47627 lazyload\" data-srcset=\"https:\/\/i0.wp.com\/elterritorialweb.com.ar\/web\/wp-content\/uploads\/2023\/01\/juicio-fernando-baez-sosajpeg.jpeg?w=730&amp;ssl=1 730w, https:\/\/i0.wp.com\/elterritorialweb.com.ar\/web\/wp-content\/uploads\/2023\/01\/juicio-fernando-baez-sosajpeg.jpeg?resize=300%2C200&amp;ssl=1 300w\" data-sizes=\"(max-width: 640px) 100vw, 640px\" src=\"data:image\/svg+xml;base64,PHN2ZyB3aWR0aD0iMSIgaGVpZ2h0PSIxIiB4bWxucz0iaHR0cDovL3d3dy53My5vcmcvMjAwMC9zdmciPjwvc3ZnPg==\" style=\"--smush-placeholder-width: 640px; --smush-placeholder-aspect-ratio: 640\/426;\" \/><\/a><figcaption class=\"wp-element-caption\">Los ocho imputados de la causa escucharan el veredicto del tribunal de Dolores<\/figcaption><\/figure>\n\n\n\n<p>Los jueces Mar\u00eda Claudia Castro, Emiliano L\u00e1zzari y Christian Rabaia definir\u00e1n la situaci\u00f3n penal de M\u00e1ximo Thomsen (23), Enzo Comelli (22), Mat\u00edas Benicelli (23), Blas Cinalli (21), Ayrton Viollaz (23), y Luciano (21), Ciro (22) y Lucas Pertossi (23), quienes llegaron a juicio imputados por el delito de\u00a0<strong>\u00abhomicidio agravado por alevos\u00eda y por el concurso premeditado de dos o m\u00e1s personas\u00bb<\/strong>, que prev\u00e9 una pena de prisi\u00f3n perpetua, condena solicitada por la fisca\u00eda y los particulares damnificados.<\/p>\n\n\n\n<p>Sin embargo,&nbsp;<strong>cabe la posibilidad de que algunos de ellos, al menos tres, reciban veredictos diferenciados seg\u00fan el grado de participaci\u00f3n de cada uno de los j\u00f3venes en el crimen<\/strong>. Seg\u00fan el pedido de Hugo Tomei, abogado defensor, podr\u00edan considerarse las figuras de \u00abhomicidio simple con dolo eventual\u00bb, con una pena en expectativa de 8 a 25 a\u00f1os, o de \u00abhomicidio preterintencional\u00bb, de 3 a 6.<\/p>\n","protected":false},"excerpt":{"rendered":"<p>Desde las 13, los jueces leer\u00e1n la determinaci\u00f3n de culpabilidad de los ocho rugbiers acusados del asesinato del joven en Villa Gesell. <\/p>\n","protected":false},"author":2,"featured_media":48764,"comment_status":"open","ping_status":"open","sticky":false,"template":"","format":"standard","meta":{"om_disable_all_campaigns":false,"_monsterinsights_skip_tracking":false,"_monsterinsights_sitenote_active":false,"_monsterinsights_sitenote_note":"","_monsterinsights_sitenote_category":0,"_uf_show_specific_survey":0,"_uf_disable_surveys":false,"jetpack_post_was_ever_published":false,"_jetpack_newsletter_access":"","_jetpack_dont_email_post_to_subs":false,"_jetpack_newsletter_tier_id":0,"_jetpack_memberships_contains_paywalled_content":false,"_jetpack_memberships_contains_paid_content":false,"footnotes":"","jetpack_publicize_message":"","jetpack_publicize_feature_enabled":true,"jetpack_social_post_already_shared":false,"jetpack_social_options":{"image_generator_settings":{"template":"highway","default_image_id":0,"font":"","enabled":false},"version":2}},"categories":[4,7],"tags":[],"class_list":["post-48763","post","type-post","status-publish","format-standard","has-post-thumbnail","hentry","category-destacadas","category-nacionales"],"aioseo_notices":[],"views":15,"jetpack_publicize_connections":[],"jetpack_featured_media_url":"https:\/\/i0.wp.com\/elterritorialweb.com.ar\/web\/wp-content\/uploads\/2023\/02\/image-8.png?fit=1200%2C675&ssl=1","jetpack_sharing_enabled":true,"_links":{"self":[{"href":"https:\/\/elterritorialweb.com.ar\/web\/wp-json\/wp\/v2\/posts\/48763","targetHints":{"allow":["GET"]}}],"collection":[{"href":"https:\/\/elterritorialweb.com.ar\/web\/wp-json\/wp\/v2\/posts"}],"about":[{"href":"https:\/\/elterritorialweb.com.ar\/web\/wp-json\/wp\/v2\/types\/post"}],"author":[{"embeddable":true,"href":"https:\/\/elterritorialweb.com.ar\/web\/wp-json\/wp\/v2\/users\/2"}],"replies":[{"embeddable":true,"href":"https:\/\/elterritorialweb.com.ar\/web\/wp-json\/wp\/v2\/comments?post=48763"}],"version-history":[{"count":1,"href":"https:\/\/elterritorialweb.com.ar\/web\/wp-json\/wp\/v2\/posts\/48763\/revisions"}],"predecessor-version":[{"id":48765,"href":"https:\/\/elterritorialweb.com.ar\/web\/wp-json\/wp\/v2\/posts\/48763\/revisions\/48765"}],"wp:featuredmedia":[{"embeddable":true,"href":"https:\/\/elterritorialweb.com.ar\/web\/wp-json\/wp\/v2\/media\/48764"}],"wp:attachment":[{"href":"https:\/\/elterritorialweb.com.ar\/web\/wp-json\/wp\/v2\/media?parent=48763"}],"wp:term":[{"taxonomy":"category","embeddable":true,"href":"https:\/\/elterritorialweb.com.ar\/web\/wp-json\/wp\/v2\/categories?post=48763"},{"taxonomy":"post_tag","embeddable":true,"href":"https:\/\/elterritorialweb.com.ar\/web\/wp-json\/wp\/v2\/tags?post=48763"}],"curies":[{"name":"wp","href":"https:\/\/api.w.org\/{rel}","templated":true}]}}