{"id":48770,"date":"2023-02-06T15:33:03","date_gmt":"2023-02-06T15:33:03","guid":{"rendered":"http:\/\/elterritorialweb.com.ar\/web\/?p=48770"},"modified":"2023-02-06T15:36:25","modified_gmt":"2023-02-06T15:36:25","slug":"central-cordoba-hizo-un-descargo-por-el-mal-trato-que-recibio-en-la-bombonera","status":"publish","type":"post","link":"https:\/\/elterritorialweb.com.ar\/web\/central-cordoba-hizo-un-descargo-por-el-mal-trato-que-recibio-en-la-bombonera\/","title":{"rendered":"CENTRAL C\u00d3RDOBA HIZO UN DESCARGO POR EL MAL TRATO QUE RECIBI\u00d3 EN LA BOMBONERA"},"content":{"rendered":"\n<p><strong>Central C\u00f3rdoba<\/strong>\u00a0empat\u00f3 ayer con\u00a0<strong>Boca\u00a0<\/strong>en la\u00a0<strong>Bombonera\u00a0<\/strong>pero pasaron cosas m\u00e1s all\u00e1 del partido.<\/p>\n\n\n\n<p>El entrenador ferroviario\u00a0<strong>Leonardo Madel\u00f3n<\/strong>\u00a0se levant\u00f3 molesto y se retir\u00f3 de la sala de conferencia sin poder hablar, debido a problemas con el audio y a los murmullos que se escuchaban.<\/p>\n\n\n\n<p>Tras lo sucedido, el periodista partidario de\u00a0<strong>Boca\u00a0<\/strong>y representante de\u00a0<strong>Cadena Xeneize, Gonzalo Suli,\u00a0<\/strong>poste\u00f3 un pol\u00e9mico tuit, \u00abPor los problemas de audios y los murmullos que part\u00edan de la sala de conferencias del fondo, Leonardo Madel\u00f3n abandon\u00f3 la sala intempestivamente. &#8216;Es un papel\u00f3n&#8217;, dijo el DT del ManchesCENTRAL C\u00d3RDOBA\u00bb.<\/p>\n\n\n\n<figure class=\"wp-block-image size-full\"><a href=\"https:\/\/i0.wp.com\/elterritorialweb.com.ar\/web\/wp-content\/uploads\/2023\/02\/TWIT-BOCA-CENTRAL-3.png\"><img data-recalc-dims=\"1\" decoding=\"async\" width=\"640\" height=\"111\" data-src=\"https:\/\/i0.wp.com\/elterritorialweb.com.ar\/web\/wp-content\/uploads\/2023\/02\/TWIT-BOCA-CENTRAL-3.png?resize=640%2C111\" alt=\"\" class=\"wp-image-48772 lazyload\" data-srcset=\"https:\/\/i0.wp.com\/elterritorialweb.com.ar\/web\/wp-content\/uploads\/2023\/02\/TWIT-BOCA-CENTRAL-3.png?w=991&amp;ssl=1 991w, https:\/\/i0.wp.com\/elterritorialweb.com.ar\/web\/wp-content\/uploads\/2023\/02\/TWIT-BOCA-CENTRAL-3.png?resize=300%2C52&amp;ssl=1 300w, https:\/\/i0.wp.com\/elterritorialweb.com.ar\/web\/wp-content\/uploads\/2023\/02\/TWIT-BOCA-CENTRAL-3.png?resize=768%2C133&amp;ssl=1 768w\" data-sizes=\"(max-width: 640px) 100vw, 640px\" src=\"data:image\/svg+xml;base64,PHN2ZyB3aWR0aD0iMSIgaGVpZ2h0PSIxIiB4bWxucz0iaHR0cDovL3d3dy53My5vcmcvMjAwMC9zdmciPjwvc3ZnPg==\" style=\"--smush-placeholder-width: 640px; --smush-placeholder-aspect-ratio: 640\/111;\" \/><\/a><\/figure>\n\n\n\n<p>Tras el desafortunado twit de Gonzalo Suli, que luego lo borr\u00f3, el club Central C\u00f3rdoba hizo un descargo en su cuenta de twitter: \u00ab<em>Cuando vienen a la provincia se los recibe y trata como corresponde, sean del equipo que sean. El respeto es algo innegociable. Sea Central C\u00f3rdoba o cualquier otro equipo. Al parecer, uno queda exento de los buenos tratos si no es de Buenos Aires. Y si, son un papel\u00f3n\u00bb.<\/em><\/p>\n\n\n\n<figure class=\"wp-block-embed is-type-rich is-provider-twitter wp-block-embed-twitter\"><div class=\"wp-block-embed__wrapper\">\n<blockquote class=\"twitter-tweet\" data-width=\"550\" data-dnt=\"true\"><p lang=\"es\" dir=\"ltr\">Cuando vienen a la provincia se los recibe y trata como corresponde, sean del equipo que sean.<br>El respeto es algo innegociable. Sea Central C\u00f3rdoba o cualquier otro equipo. Al parecer, uno queda exento de los buenos tratos si no es de Buenos Aires. Y si, son un papel\u00f3n. <a href=\"https:\/\/t.co\/VpyiHkhaF6\">https:\/\/t.co\/VpyiHkhaF6<\/a><\/p>&mdash; Club Atletico Central C\u00f3rdoba (@cacc_sde) <a href=\"https:\/\/twitter.com\/cacc_sde\/status\/1622575574869835779?ref_src=twsrc%5Etfw\">February 6, 2023<\/a><\/blockquote><script async src=\"https:\/\/platform.twitter.com\/widgets.js\" charset=\"utf-8\"><\/script>\n<\/div><\/figure>\n\n\n\n<figure class=\"wp-block-embed is-type-rich is-provider-twitter wp-block-embed-twitter\"><div class=\"wp-block-embed__wrapper\">\n<blockquote class=\"twitter-tweet\" data-width=\"550\" data-dnt=\"true\"><p lang=\"es\" dir=\"ltr\">Est\u00e1bamos en la conferencia y los problemas eran reales. La misma termin\u00f3 antes de lo previsto. Pido disculpas a <a href=\"https:\/\/twitter.com\/cacc_sde?ref_src=twsrc%5Etfw\">@cacc_sde<\/a> por la infeliz comparaci\u00f3n y al DT, a quien quer\u00eda escuchar y preguntarle. <br>El tuit lo borr\u00e9 por respeto a <a href=\"https:\/\/twitter.com\/Cadena_Xeneize?ref_src=twsrc%5Etfw\">@Cadena_Xeneize<\/a>, ajeno a toda la pol\u00e9mica.<br>Perd\u00f3n! <a href=\"https:\/\/t.co\/khEL5S16wH\">https:\/\/t.co\/khEL5S16wH<\/a><\/p>&mdash; Gonzalo Suli (@gonzalosuli) <a href=\"https:\/\/twitter.com\/gonzalosuli\/status\/1622585781201080320?ref_src=twsrc%5Etfw\">February 6, 2023<\/a><\/blockquote><script async src=\"https:\/\/platform.twitter.com\/widgets.js\" charset=\"utf-8\"><\/script>\n<\/div><\/figure>\n","protected":false},"excerpt":{"rendered":"<p>Desde la cuenta oficial del Ferro expresaron su malestar por el trato recibido en la Bombonera.<\/p>\n","protected":false},"author":2,"featured_media":48774,"comment_status":"open","ping_status":"open","sticky":false,"template":"","format":"standard","meta":{"om_disable_all_campaigns":false,"_monsterinsights_skip_tracking":false,"_monsterinsights_sitenote_active":false,"_monsterinsights_sitenote_note":"","_monsterinsights_sitenote_category":0,"_uf_show_specific_survey":0,"_uf_disable_surveys":false,"jetpack_post_was_ever_published":false,"_jetpack_newsletter_access":"","_jetpack_dont_email_post_to_subs":false,"_jetpack_newsletter_tier_id":0,"_jetpack_memberships_contains_paywalled_content":false,"_jetpack_memberships_contains_paid_content":false,"footnotes":"","jetpack_publicize_message":"","jetpack_publicize_feature_enabled":true,"jetpack_social_post_already_shared":false,"jetpack_social_options":{"image_generator_settings":{"template":"highway","default_image_id":0,"font":"","enabled":false},"version":2}},"categories":[6],"tags":[],"class_list":["post-48770","post","type-post","status-publish","format-standard","has-post-thumbnail","hentry","category-deportes"],"aioseo_notices":[],"views":12,"jetpack_publicize_connections":[],"jetpack_featured_media_url":"https:\/\/i0.wp.com\/elterritorialweb.com.ar\/web\/wp-content\/uploads\/2023\/02\/WhatsApp-Image-2023-02-06-at-16.35.33.jpeg?fit=1600%2C1200&ssl=1","jetpack_sharing_enabled":true,"_links":{"self":[{"href":"https:\/\/elterritorialweb.com.ar\/web\/wp-json\/wp\/v2\/posts\/48770","targetHints":{"allow":["GET"]}}],"collection":[{"href":"https:\/\/elterritorialweb.com.ar\/web\/wp-json\/wp\/v2\/posts"}],"about":[{"href":"https:\/\/elterritorialweb.com.ar\/web\/wp-json\/wp\/v2\/types\/post"}],"author":[{"embeddable":true,"href":"https:\/\/elterritorialweb.com.ar\/web\/wp-json\/wp\/v2\/users\/2"}],"replies":[{"embeddable":true,"href":"https:\/\/elterritorialweb.com.ar\/web\/wp-json\/wp\/v2\/comments?post=48770"}],"version-history":[{"count":1,"href":"https:\/\/elterritorialweb.com.ar\/web\/wp-json\/wp\/v2\/posts\/48770\/revisions"}],"predecessor-version":[{"id":48773,"href":"https:\/\/elterritorialweb.com.ar\/web\/wp-json\/wp\/v2\/posts\/48770\/revisions\/48773"}],"wp:featuredmedia":[{"embeddable":true,"href":"https:\/\/elterritorialweb.com.ar\/web\/wp-json\/wp\/v2\/media\/48774"}],"wp:attachment":[{"href":"https:\/\/elterritorialweb.com.ar\/web\/wp-json\/wp\/v2\/media?parent=48770"}],"wp:term":[{"taxonomy":"category","embeddable":true,"href":"https:\/\/elterritorialweb.com.ar\/web\/wp-json\/wp\/v2\/categories?post=48770"},{"taxonomy":"post_tag","embeddable":true,"href":"https:\/\/elterritorialweb.com.ar\/web\/wp-json\/wp\/v2\/tags?post=48770"}],"curies":[{"name":"wp","href":"https:\/\/api.w.org\/{rel}","templated":true}]}}