{"id":48779,"date":"2023-02-06T16:52:16","date_gmt":"2023-02-06T16:52:16","guid":{"rendered":"http:\/\/elterritorialweb.com.ar\/web\/?p=48779"},"modified":"2023-02-06T18:27:43","modified_gmt":"2023-02-06T18:27:43","slug":"caso-baez-sosa-condenaron-a-prision-perpetua-a-cinco-de-los-imputados-y-tres-a-15-anos","status":"publish","type":"post","link":"https:\/\/elterritorialweb.com.ar\/web\/caso-baez-sosa-condenaron-a-prision-perpetua-a-cinco-de-los-imputados-y-tres-a-15-anos\/","title":{"rendered":"CASO B\u00c1EZ SOSA: CONDENARON A PRISION PERPETUA A CINCO DE LOS IMPUTADOS Y TRES A 15 A\u00d1OS"},"content":{"rendered":"\n<p><strong>La justicia consider\u00f3 que hubo premeditaci\u00f3n y alevos\u00eda en el crimen a golpes de Fernando B\u00e1ez Sosa<\/strong>, en la madrugada del 18 de enero de 2020 en la localidad balnearia de Villa Gesell, y&nbsp;<strong>conden\u00f3 este lunes a la pena de prisi\u00f3n perpetua a cinco de los ocho rugbiers por homicidio doblemente agravado,<\/strong>&nbsp;mientras que a los otros tres los consider\u00f3 part\u00edcipes secundarios.<\/p>\n\n\n\n<figure class=\"wp-block-image size-large\"><a href=\"https:\/\/i0.wp.com\/elterritorialweb.com.ar\/web\/wp-content\/uploads\/2023\/02\/image-12.png\"><img data-recalc-dims=\"1\" decoding=\"async\" width=\"640\" height=\"360\" data-src=\"https:\/\/i0.wp.com\/elterritorialweb.com.ar\/web\/wp-content\/uploads\/2023\/02\/image-12.png?resize=640%2C360\" alt=\"\" class=\"wp-image-48780 lazyload\" data-srcset=\"https:\/\/i0.wp.com\/elterritorialweb.com.ar\/web\/wp-content\/uploads\/2023\/02\/image-12.png?resize=1024%2C576&amp;ssl=1 1024w, https:\/\/i0.wp.com\/elterritorialweb.com.ar\/web\/wp-content\/uploads\/2023\/02\/image-12.png?resize=300%2C169&amp;ssl=1 300w, https:\/\/i0.wp.com\/elterritorialweb.com.ar\/web\/wp-content\/uploads\/2023\/02\/image-12.png?resize=768%2C432&amp;ssl=1 768w, https:\/\/i0.wp.com\/elterritorialweb.com.ar\/web\/wp-content\/uploads\/2023\/02\/image-12.png?w=1440&amp;ssl=1 1440w, https:\/\/i0.wp.com\/elterritorialweb.com.ar\/web\/wp-content\/uploads\/2023\/02\/image-12.png?w=1280 1280w\" data-sizes=\"(max-width: 640px) 100vw, 640px\" src=\"data:image\/svg+xml;base64,PHN2ZyB3aWR0aD0iMSIgaGVpZ2h0PSIxIiB4bWxucz0iaHR0cDovL3d3dy53My5vcmcvMjAwMC9zdmciPjwvc3ZnPg==\" style=\"--smush-placeholder-width: 640px; --smush-placeholder-aspect-ratio: 640\/360;\" \/><\/a><figcaption class=\"wp-element-caption\">Los Rugbiers fueron condenados (FOTO: TN)<\/figcaption><\/figure>\n\n\n\n<p>Los jueces Mar\u00eda Claudia Castro, Emiliano Lazzari y Christian Rabaia, integrante del Tribunal Oral en lo Criminal 1 de la ciudad de Dolores, entendieron por unanimidad que&nbsp;<strong>M\u00e1ximo Thomsen<\/strong>&nbsp;(23),&nbsp;<strong>Ciro Pertossi<\/strong>&nbsp;(22),&nbsp;<strong>Enzo Comelli<\/strong>&nbsp;(22),&nbsp;<strong>Mat\u00edas Benicelli<\/strong>&nbsp;(23) y&nbsp;<strong>Luciano Pertossi<\/strong>&nbsp;(21) fueron coautores del delito de \u00abhomicidio doblemente agravado por el concurso premeditado por dos o m\u00e1s personas y por alevos\u00eda en concurso ideal de lesiones leves\u00bb, mientras que&nbsp;<strong>Blas Cinalli<\/strong>&nbsp;(21),&nbsp;<strong>Ayrton Viollaz<\/strong>&nbsp;(23) y&nbsp;<strong>Lucas Pertossi&nbsp;<\/strong>(23) fueron considerados part\u00edcipes secundarios del mismo delito a una pena de 15 a\u00f1os de prisi\u00f3n.<\/p>\n\n\n\n<p>En l\u00ednea con los pedidos de la fiscal\u00eda y la querella, los jueces consideraron que en el crimen de Fernando Ba\u00e9z Sosa los cinco condenados a perpetua actuaron con alevos\u00eda y de forma premeditada en esa madrugada en Villa Gesell, mientras que los otros tres tuvieron un rol en el asesinado, de acuerdo a los reglado por\u00a0<strong>los art\u00edculos 80 incisos 2 y 6, 89, 54, 45 y 46 del C\u00f3digo Penal.<\/strong><\/p>\n\n\n\n<p>En ese sentido, la jueza Castro sostuvo que&nbsp;<strong>\u201cpara aplicar la agravante de menci\u00f3n basta la planificaci\u00f3n con cierta anticipaci\u00f3n -a\u00fan en momentos previos o concomitantes a la comisi\u00f3n del hecho- ya que no es necesario \u2018que el acuerdo para matar en concurso haya sido objeto de una m\u00e1s o menos prolongada deliberaci\u00f3n\u2019\u201d.<\/strong><\/p>\n\n\n\n<p>En otro tramo de la sentencia, sostuvo que \u201cexisti\u00f3 una convergencia de voluntades por parte de los acusados, quienes aprovechando el estado de indefensi\u00f3n en el que luego de los dos primeros golpes qued\u00f3 la v\u00edctima<strong>, ya con claras intenciones de acabar con la vida Fernando B\u00e1ez Sosa<\/strong>, continuaron agredi\u00e9ndolo brutalmente, principalmente mediante violentas patadas dirigidas esencialmente a la cabeza y otras al cuerpo, como as\u00ed tambi\u00e9n mediante golpes de pu\u00f1o, caus\u00e1ndole lesiones de tal entidad que le provocaron la muerte\u201d.<\/p>\n\n\n\n<p>En cuanto a la premeditaci\u00f3n del grupo de rugbiers, los jueces consideraron que&nbsp;<strong>\u201cla pluralidad de intervinientes logr\u00f3 la disminuci\u00f3n de actos de defensa en favor de Fernando B\u00e1ez Sosa, dotando a los agresores de mayor peligrosidad, quienes aprovecharon tambi\u00e9n la mayor facilidad material que este panorama les brindaba para lograr su designio y esto fue previamente concertado\u201d.<\/strong><\/p>\n\n\n\n<p>Para los jueces, ha quedado acreditado que&nbsp;<strong>\u201cFernando B\u00e1ez Sosa muri\u00f3 como consecuencia de brutales golpes recibidos durante el breve ataque propinado por m\u00faltiples agresores luego de haber quedado inmovilizado, semi inconsciente, tras recibir los primeros golpes\u201d.<\/strong><\/p>\n\n\n\n<p>En cuanto al pedido del abogado defensor de los rugbiers, Hugo Tomei, de que se califique como homicidio en ri\u00f1a, los jueces afirmaron que&nbsp;<strong>\u201cse debe descartar de plano que haya existido una ri\u00f1a\u201d.<\/strong>&nbsp;Y agregaron que \u201cno se da la ri\u00f1a cuando, como en el presente caso, el acometimiento es de varios contra uno (o contra varios sujetos que se mantienen pasivos), pues no se verifica la reciprocidad de las acciones\u201d.<\/p>\n\n\n\n<p>Tras el fallo, el abogado querellante representando de los padres de B\u00e1ez Sosa,&nbsp;<strong>Fernando Burlando<\/strong>, se mostr\u00f3 disconforme por el fallo que determin\u00f3 que tres rugbiers fueran beneficiados por la figura de part\u00edcipes necesarios, analiz\u00f3 que&nbsp;<strong>\u00abes un primer paso pero me hubiese gustado que la justicia se haya puesto los pantalones largos\u00bb<\/strong>&nbsp;y anticip\u00f3 que apelar\u00e1 el fallo para que todos reciban la condena a reclusi\u00f3n perpetua.<\/p>\n\n\n\n<h3 class=\"wp-block-heading\">Uno por uno, las ocho condenas a los rugbiers por el crimen de Fernando B\u00e1ez Sosa<\/h3>\n\n\n\n<ul class=\"wp-block-list\">\n<li><strong>M\u00e1ximo Thomsen (23):<\/strong>&nbsp;prisi\u00f3n perpetua, como coautor de \u00abhomicidio doblemente agravado por el concurso premeditado de dos o m\u00e1s personas y por alevos\u00eda, en concurso ideal con lesiones leves\u00bb.<\/li>\n\n\n\n<li><strong>Ciro Pertossi (22):&nbsp;<\/strong>prisi\u00f3n perpetua, como coautor de \u00abhomicidio doblemente agravado por el concurso premeditado de dos o m\u00e1s personas y por alevos\u00eda, en concurso ideal con lesiones leves\u00bb.<\/li>\n\n\n\n<li><strong>Enzo Comelli (22):<\/strong>&nbsp;prisi\u00f3n perpetua, como coautor de \u00abhomicidio doblemente agravado por el concurso premeditado de dos o m\u00e1s personas y por alevos\u00eda, en concurso ideal con lesiones leves\u00bb.<\/li>\n\n\n\n<li><strong>Mat\u00edas Benicelli (23):<\/strong>&nbsp;prisi\u00f3n perpetua, como coautor de \u00abhomicidio doblemente agravado por el concurso premeditado de dos o m\u00e1s personas y por alevos\u00eda, en concurso ideal con lesiones leves\u00bb.<\/li>\n\n\n\n<li><strong>Luciano Pertossi (21):<\/strong>&nbsp;prisi\u00f3n perpetua, como coautor de \u00abhomicidio doblemente agravado por el concurso premeditado de dos o m\u00e1s personas y por alevos\u00eda, en concurso ideal con lesiones leves\u00bb.<\/li>\n\n\n\n<li><strong>Ayrton Viollaz (23):<\/strong>&nbsp;15 a\u00f1os de prisi\u00f3n, como part\u00edcipe secundario de \u00abhomicidio doblemente agravado por el concurso premeditado de dos o m\u00e1s personas y por alevos\u00eda, en concurso ideal con lesiones leves\u00bb.<\/li>\n\n\n\n<li><strong>Blas Cinalli (21):<\/strong>&nbsp;15 a\u00f1os de prisi\u00f3n, como part\u00edcipe secundario de \u00abhomicidio doblemente agravado por el concurso premeditado de dos o m\u00e1s personas y por alevos\u00eda, en concurso ideal con lesiones leves\u00bb.<\/li>\n\n\n\n<li><strong>Lucas Pertossi (23):&nbsp;<\/strong>15 a\u00f1os de prisi\u00f3n, como part\u00edcipe secundario de \u00abhomicidio doblemente agravado por el concurso premeditado de dos o m\u00e1s personas y por alevos\u00eda, en concurso ideal con lesiones leves\u00bb.<\/li>\n<\/ul>\n","protected":false},"excerpt":{"rendered":"<p>M\u00e1ximo Thomsen, Ciro y Luciano Pertossi, Enzo Comelli y Mat\u00edas Benicelli fueron encontrados culpables de homicidio doblemente agravado y Lucas Pertossi, Ayrton Viollaz y Blas Cinalli como part\u00edcipes secundarios.<\/p>\n","protected":false},"author":2,"featured_media":0,"comment_status":"open","ping_status":"open","sticky":false,"template":"","format":"standard","meta":{"om_disable_all_campaigns":false,"_monsterinsights_skip_tracking":false,"_monsterinsights_sitenote_active":false,"_monsterinsights_sitenote_note":"","_monsterinsights_sitenote_category":0,"_uf_show_specific_survey":0,"_uf_disable_surveys":false,"jetpack_post_was_ever_published":false,"_jetpack_newsletter_access":"","_jetpack_dont_email_post_to_subs":false,"_jetpack_newsletter_tier_id":0,"_jetpack_memberships_contains_paywalled_content":false,"_jetpack_memberships_contains_paid_content":false,"footnotes":"","jetpack_publicize_message":"","jetpack_publicize_feature_enabled":true,"jetpack_social_post_already_shared":false,"jetpack_social_options":{"image_generator_settings":{"template":"highway","default_image_id":0,"font":"","enabled":false},"version":2}},"categories":[4,7],"tags":[],"class_list":["post-48779","post","type-post","status-publish","format-standard","hentry","category-destacadas","category-nacionales"],"aioseo_notices":[],"views":14,"jetpack_publicize_connections":[],"jetpack_featured_media_url":"","jetpack_sharing_enabled":true,"_links":{"self":[{"href":"https:\/\/elterritorialweb.com.ar\/web\/wp-json\/wp\/v2\/posts\/48779","targetHints":{"allow":["GET"]}}],"collection":[{"href":"https:\/\/elterritorialweb.com.ar\/web\/wp-json\/wp\/v2\/posts"}],"about":[{"href":"https:\/\/elterritorialweb.com.ar\/web\/wp-json\/wp\/v2\/types\/post"}],"author":[{"embeddable":true,"href":"https:\/\/elterritorialweb.com.ar\/web\/wp-json\/wp\/v2\/users\/2"}],"replies":[{"embeddable":true,"href":"https:\/\/elterritorialweb.com.ar\/web\/wp-json\/wp\/v2\/comments?post=48779"}],"version-history":[{"count":3,"href":"https:\/\/elterritorialweb.com.ar\/web\/wp-json\/wp\/v2\/posts\/48779\/revisions"}],"predecessor-version":[{"id":48799,"href":"https:\/\/elterritorialweb.com.ar\/web\/wp-json\/wp\/v2\/posts\/48779\/revisions\/48799"}],"wp:attachment":[{"href":"https:\/\/elterritorialweb.com.ar\/web\/wp-json\/wp\/v2\/media?parent=48779"}],"wp:term":[{"taxonomy":"category","embeddable":true,"href":"https:\/\/elterritorialweb.com.ar\/web\/wp-json\/wp\/v2\/categories?post=48779"},{"taxonomy":"post_tag","embeddable":true,"href":"https:\/\/elterritorialweb.com.ar\/web\/wp-json\/wp\/v2\/tags?post=48779"}],"curies":[{"name":"wp","href":"https:\/\/api.w.org\/{rel}","templated":true}]}}