{"id":48782,"date":"2023-02-06T17:11:35","date_gmt":"2023-02-06T17:11:35","guid":{"rendered":"http:\/\/elterritorialweb.com.ar\/web\/?p=48782"},"modified":"2023-02-06T17:11:36","modified_gmt":"2023-02-06T17:11:36","slug":"oficializan-el-lanzamiento-del-gran-prix-madre-de-ciudades-de-tenis-de-mesa","status":"publish","type":"post","link":"https:\/\/elterritorialweb.com.ar\/web\/oficializan-el-lanzamiento-del-gran-prix-madre-de-ciudades-de-tenis-de-mesa\/","title":{"rendered":"OFICIALIZAN EL LANZAMIENTO DEL GRAN PRIX \u00abMADRE DE CIUDADES\u00bb DE TENIS DE MESA"},"content":{"rendered":"\n<p>La <strong>competencia <\/strong>se desarrollar\u00e1 en el <strong>Nodo Tecnol\u00f3gico<\/strong>, con la particularidad de que el espacio se encuentra, m\u00e1s all\u00e1 de la temperatura exterior, climatizado al 100%. Adem\u00e1s, contar\u00e1 con piso de goma. Cabe recordar que el Nodo fue sede del 65\u00b0 Campeonato Argentino de Tenis de Mesa en el a\u00f1o 2019.<\/p>\n\n\n\n<p>Este evento, dar\u00e1 inicio a la <strong>Temporada 2023<\/strong> correspondiente al <strong>Circuito Nacional FATM<\/strong> tanto para categor\u00edas Menores, como todo competidor. La inscripci\u00f3n se ecuentra abierta y es tambi\u00e9n para jugadores extranjeros, y el cierre final ser\u00e1 el 14 de febrero a las 16:00 hs.<\/p>\n\n\n\n<p>Desde la organizaci\u00f3n informaron que el acceso a las instalaciones, se podr\u00e1 realizar durante todos los d\u00edas, donde estar\u00e1 disponible el tren del desarrollo, cuyo servicio ser\u00e1 gratuito, y funcionar\u00e1 de 8 a 20 horas, con frecuencia cada 40 minutos.<\/p>\n\n\n\n<figure class=\"wp-block-image size-full\"><a href=\"https:\/\/i0.wp.com\/elterritorialweb.com.ar\/web\/wp-content\/uploads\/2023\/02\/WhatsApp-Image-2023-02-06-at-17.09.54.jpeg\"><img data-recalc-dims=\"1\" decoding=\"async\" width=\"640\" height=\"640\" data-src=\"https:\/\/i0.wp.com\/elterritorialweb.com.ar\/web\/wp-content\/uploads\/2023\/02\/WhatsApp-Image-2023-02-06-at-17.09.54.jpeg?resize=640%2C640\" alt=\"\" class=\"wp-image-48784 lazyload\" data-srcset=\"https:\/\/i0.wp.com\/elterritorialweb.com.ar\/web\/wp-content\/uploads\/2023\/02\/WhatsApp-Image-2023-02-06-at-17.09.54.jpeg?w=720&amp;ssl=1 720w, https:\/\/i0.wp.com\/elterritorialweb.com.ar\/web\/wp-content\/uploads\/2023\/02\/WhatsApp-Image-2023-02-06-at-17.09.54.jpeg?resize=300%2C300&amp;ssl=1 300w, https:\/\/i0.wp.com\/elterritorialweb.com.ar\/web\/wp-content\/uploads\/2023\/02\/WhatsApp-Image-2023-02-06-at-17.09.54.jpeg?resize=150%2C150&amp;ssl=1 150w\" data-sizes=\"(max-width: 640px) 100vw, 640px\" src=\"data:image\/svg+xml;base64,PHN2ZyB3aWR0aD0iMSIgaGVpZ2h0PSIxIiB4bWxucz0iaHR0cDovL3d3dy53My5vcmcvMjAwMC9zdmciPjwvc3ZnPg==\" style=\"--smush-placeholder-width: 640px; --smush-placeholder-aspect-ratio: 640\/640;\" \/><\/a><\/figure>\n","protected":false},"excerpt":{"rendered":"<p>A disputarse del 20 al 22 de febrero en Santiago del Estero.<\/p>\n","protected":false},"author":2,"featured_media":48783,"comment_status":"open","ping_status":"open","sticky":false,"template":"","format":"standard","meta":{"om_disable_all_campaigns":false,"_monsterinsights_skip_tracking":false,"_monsterinsights_sitenote_active":false,"_monsterinsights_sitenote_note":"","_monsterinsights_sitenote_category":0,"_uf_show_specific_survey":0,"_uf_disable_surveys":false,"jetpack_post_was_ever_published":false,"_jetpack_newsletter_access":"","_jetpack_dont_email_post_to_subs":false,"_jetpack_newsletter_tier_id":0,"_jetpack_memberships_contains_paywalled_content":false,"_jetpack_memberships_contains_paid_content":false,"footnotes":"","jetpack_publicize_message":"","jetpack_publicize_feature_enabled":true,"jetpack_social_post_already_shared":false,"jetpack_social_options":{"image_generator_settings":{"template":"highway","default_image_id":0,"font":"","enabled":false},"version":2}},"categories":[6],"tags":[],"class_list":["post-48782","post","type-post","status-publish","format-standard","has-post-thumbnail","hentry","category-deportes"],"aioseo_notices":[],"views":24,"jetpack_publicize_connections":[],"jetpack_featured_media_url":"https:\/\/i0.wp.com\/elterritorialweb.com.ar\/web\/wp-content\/uploads\/2023\/02\/tenis-de-mesa.jpg?fit=640%2C479&ssl=1","jetpack_sharing_enabled":true,"_links":{"self":[{"href":"https:\/\/elterritorialweb.com.ar\/web\/wp-json\/wp\/v2\/posts\/48782","targetHints":{"allow":["GET"]}}],"collection":[{"href":"https:\/\/elterritorialweb.com.ar\/web\/wp-json\/wp\/v2\/posts"}],"about":[{"href":"https:\/\/elterritorialweb.com.ar\/web\/wp-json\/wp\/v2\/types\/post"}],"author":[{"embeddable":true,"href":"https:\/\/elterritorialweb.com.ar\/web\/wp-json\/wp\/v2\/users\/2"}],"replies":[{"embeddable":true,"href":"https:\/\/elterritorialweb.com.ar\/web\/wp-json\/wp\/v2\/comments?post=48782"}],"version-history":[{"count":1,"href":"https:\/\/elterritorialweb.com.ar\/web\/wp-json\/wp\/v2\/posts\/48782\/revisions"}],"predecessor-version":[{"id":48785,"href":"https:\/\/elterritorialweb.com.ar\/web\/wp-json\/wp\/v2\/posts\/48782\/revisions\/48785"}],"wp:featuredmedia":[{"embeddable":true,"href":"https:\/\/elterritorialweb.com.ar\/web\/wp-json\/wp\/v2\/media\/48783"}],"wp:attachment":[{"href":"https:\/\/elterritorialweb.com.ar\/web\/wp-json\/wp\/v2\/media?parent=48782"}],"wp:term":[{"taxonomy":"category","embeddable":true,"href":"https:\/\/elterritorialweb.com.ar\/web\/wp-json\/wp\/v2\/categories?post=48782"},{"taxonomy":"post_tag","embeddable":true,"href":"https:\/\/elterritorialweb.com.ar\/web\/wp-json\/wp\/v2\/tags?post=48782"}],"curies":[{"name":"wp","href":"https:\/\/api.w.org\/{rel}","templated":true}]}}